{"id":945,"date":"2019-04-10T00:00:16","date_gmt":"2019-04-09T22:00:16","guid":{"rendered":"https:\/\/www.jeanfrancoiscabestan.com\/archicab\/?p=945"},"modified":"2021-07-17T14:26:24","modified_gmt":"2021-07-17T12:26:24","slug":"journee-detude-5","status":"publish","type":"post","link":"https:\/\/www.jeanfrancoiscabestan.com\/archicab\/journees-detude\/logement-collectif-et-amenagements-paysagers\/2019\/04\/10\/journee-detude-5\/","title":{"rendered":"Logement collectif et am\u00e9nagements paysagers"},"content":{"rendered":"<h1>Journ\u00e9e d&rsquo;\u00e9tude du 10 avril 2019<\/h1>\n<blockquote><p>INHA, 2, rue Vivienne, salle Vasari, 13h30 &#8211; 19h30, entr\u00e9e libre<br \/>\n<b>Jean-Fran\u00e7ois Cabestan, St\u00e9phanie de Courtois<\/b>\u00a0et\u00a0<b>Denis Miralli\u00e9<\/b>\u00a0&#8211; JHPP Ensav et HiCSA de Paris 1<\/p><\/blockquote>\n<h1>Programme<\/h1>\n<ul>\n<li>13h30 : accueil des participants<\/li>\n<li>14h00-14h15 : Jean-Fran\u00e7ois Cabestan, historien, Paris 1 : pr\u00e9sentation<\/li>\n<li><b><i>Session 1 : Fortune des am\u00e9nagement paysagers dans le logement social en France et en Suisse<\/i><\/b>\n<ul>\n<li>14h15-14h40 :\u00a0<b>Beno\u00eet Pouvreau<\/b>,\u00a0<i>historien au service du patrimoine culturel, Conseil d\u00e9partemental de la Seine-Saint-Denis<\/i>\u00a0: \u00ab Patrimoines en Seine-Saint-Denis, aper\u00e7u sur l&rsquo;action du service d\u00e9partemental \u00bb<\/li>\n<li>14h45-15h10 :\u00a0<b>Bernadette Blanchon<\/b>,\u00a0<i>architecte, ENSP, Versailles<\/i>\u00a0: \u00ab Fortune du patrimoine paysager dans les ensembles de logements sociaux : la Butte Rouge et \u00e0 Sarcelles \u00bb<\/li>\n<li>15h15-16h00 :\u00a0<b>Giulia Marino<\/b>\u00a0et\u00a0<b>Franz Graf<\/b>,\u00a0<i>professeurs \u00e0 l\u2019EPFL, TSAM (laboratoire des techniques de sauvegarde de l\u2019architecture moderne)<\/i>\u00a0: \u00ab Naturel, artificiel. Le paysage construit des grands ensembles genevois \u00bb<\/li>\n<\/ul>\n<\/li>\n<li>Pause th\u00e9<\/li>\n<li><b><i>Session 2 : Le paysage et ses am\u00e9nagement dans les collectivit\u00e9s sportives et vacanci\u00e8res<\/i><\/b>\n<ul>\n<li>16h30-16h55 :\u00a0<b>Corinne Jaquand<\/b>,\u00a0<i>architecte, Ensa de Paris-Belleville<\/i>\u00a0: \u00ab Le village olympique de M\u00fcnich \u201972, un Stadtlandschaft h\u00e9donique \u00bb<\/li>\n<li>17h00-17h25 :\u00a0<b>Claude Pr\u00e9lorenzo<\/b>,\u00a0<i>Ma\u00eetre de conf\u00e9rences \u00e0 l&rsquo;\u00c9cole des Ponts-Paris tech et chercheur au LIAT ENSA Paris-Malaquais<\/i>\u00a0: \u00ab La Grande Motte, infrastructure et g\u00e9nie civil \u00bb<\/li>\n<li>17h30-17h55 :\u00a0<b>Gilles Ragot<\/b>,\u00a0<i>historien de l\u2019architecture<\/i>, professeur \u00e0 l\u2019universit\u00e9 Bordeaux-Montaigne : \u00ab La Grande Motte, patrimoine du 20e si\u00e8cle \u00bb<\/li>\n<li>18h00-18h30 :\u00a0<b>Fran\u00e7ois Leclercq<\/b>,\u00a0<i>architecte laur\u00e9at de la consultation<\/i>\u00a0: \u00ab Le projet Ville-Port \u00bb<\/li>\n<\/ul>\n<\/li>\n<li>D\u00e9bat, Q&amp;A : discutants :\u00a0<b>Bernadette Blanchon<\/b>,\u00a0<i>architecte, ENSP, Versailles<\/i>\u00a0et\u00a0<b>Richard Scoffier<\/b>,\u00a0<i>critique d\u2019architecture, Ensa de Val-de-Seine<\/i><\/li>\n<li>19h30-20h00 Ap\u00e9ritif<\/li>\n<\/ul>\n<h1>Note d\u2019intention<\/h1>\n<p>Cette journ\u00e9e s\u2019inscrit dans la lign\u00e9e d\u2019un rendez-vous d\u00e9sormais annuel du 2e mercredi d\u2019avril. Elle est organis\u00e9e en partenariat entre les enseignants de la formation \u00ab Jardins Historiques, Patrimoine et Paysage \u00bb de l\u2019\u00c9cole nationale d\u2019Architecture de Versailles et ceux de la mention \u00ab Patrimoine et Mus\u00e9e \u00bb de l\u2019Universit\u00e9 Paris 1. Il y a deux ans, on s\u2019interrogeait sur l\u2019histoire et le sort des jardins priv\u00e9s en ville ; l\u2019ann\u00e9e derni\u00e8re \u00e9taient examin\u00e9s les cas de restitution de jardins disparus, tels que ceux de la Venaria Reale et de Chambord. Cette fois, on se propose d&rsquo;\u00e9tudier la question paysag\u00e8re dans des contextes de l&rsquo;apr\u00e8s-guerre aussi contrast\u00e9s que le logement social des ann\u00e9es 1930 et des Trente Glorieuses (la Butte Rouge, Sarcelles, Le Lignon, aux portes de Gen\u00e8ve), le village olympique de M\u00fcnich\u201972, et la station baln\u00e9aires de la Grande Motte. Il s&rsquo;agit d\u2019une journ\u00e9e d\u2019\u00e9tude \u00e0 caract\u00e8re militant : on se propose de relever et d&rsquo;\u00e9tudier une dimension peu connue de ces diff\u00e9rentes formes d&rsquo;appropriation du territoire \u00e0 l&rsquo;usage domestique, sportif ou vacancier, trop souvent domin\u00e9e par le discours des architectes, qui ne consid\u00e8rent que le b\u00e2ti, le plein, et tr\u00e8s rarement les vides, c\u2019est-\u00e0-dire les espaces ouverts et d\u00e9couverts. Or c&rsquo;est souvent sur ces derniers que repose la qualit\u00e9 environnementale des ensembles consid\u00e9r\u00e9s, peut-\u00eatre bien davantage encore que sur les objets construits. On s&rsquo;interrogera en outre sur la valeur patrimoniale intrins\u00e8que de ces am\u00e9nagements et sur leur fortune critique depuis l&rsquo;ach\u00e8vement des travaux et leur mise en service. Cet examen permettra d&rsquo;aboutir \u00e0 une r\u00e9flexion plus globale sur leur adaptation \u00e0 des usages contemporains, sur l\u2019insuffisance des crit\u00e8res d\u2019appr\u00e9ciation usuellement d\u00e9ploy\u00e9s et sur les conditions de leur transmission aux g\u00e9n\u00e9rations futures.<\/p>\n<figure id=\"attachment_948\" aria-describedby=\"caption-attachment-948\" style=\"width: 1024px\" class=\"wp-caption aligncenter\"><a href=\"https:\/\/www.jeanfrancoiscabestan.com\/archicab\/wp-content\/uploads\/logement-collectif-et-amenagements-paysagers\/1-Grande-Motte.jpg\"><img decoding=\"async\" loading=\"lazy\" class=\"wp-image-948 size-large\" src=\"https:\/\/www.jeanfrancoiscabestan.com\/archicab\/wp-content\/uploads\/logement-collectif-et-amenagements-paysagers\/1-Grande-Motte-1024x683.jpg\" alt=\"\" width=\"1024\" height=\"683\" srcset=\"https:\/\/www.jeanfrancoiscabestan.com\/archicab\/wp-content\/uploads\/logement-collectif-et-amenagements-paysagers\/1-Grande-Motte-1024x683.jpg 1024w, https:\/\/www.jeanfrancoiscabestan.com\/archicab\/wp-content\/uploads\/logement-collectif-et-amenagements-paysagers\/1-Grande-Motte-300x200.jpg 300w, https:\/\/www.jeanfrancoiscabestan.com\/archicab\/wp-content\/uploads\/logement-collectif-et-amenagements-paysagers\/1-Grande-Motte-768x512.jpg 768w, https:\/\/www.jeanfrancoiscabestan.com\/archicab\/wp-content\/uploads\/logement-collectif-et-amenagements-paysagers\/1-Grande-Motte.jpg 1200w\" sizes=\"(max-width: 1024px) 100vw, 1024px\" \/><\/a><figcaption id=\"caption-attachment-948\" class=\"wp-caption-text\">La Grande Motte<\/figcaption><\/figure>\n","protected":false},"excerpt":{"rendered":"<p>Journ\u00e9e d&rsquo;\u00e9tude du 10 avril 2019 INHA, 2, rue Vivienne, salle Vasari, 13h30 &#8211; 19h30, entr\u00e9e libre Jean-Fran\u00e7ois Cabestan, St\u00e9phanie de Courtois\u00a0et\u00a0Denis Miralli\u00e9\u00a0&#8211; JHPP Ensav et HiCSA de Paris 1 Programme 13h30 : accueil des participants 14h00-14h15 : Jean-Fran\u00e7ois Cabestan, historien, Paris 1 : pr\u00e9sentation Session 1 : Fortune des am\u00e9nagement paysagers dans le logement [&hellip;]<\/p>\n","protected":false},"author":2,"featured_media":950,"comment_status":"closed","ping_status":"closed","sticky":false,"template":"","format":"standard","meta":[],"categories":[34],"tags":[],"_links":{"self":[{"href":"https:\/\/www.jeanfrancoiscabestan.com\/archicab\/wp-json\/wp\/v2\/posts\/945"}],"collection":[{"href":"https:\/\/www.jeanfrancoiscabestan.com\/archicab\/wp-json\/wp\/v2\/posts"}],"about":[{"href":"https:\/\/www.jeanfrancoiscabestan.com\/archicab\/wp-json\/wp\/v2\/types\/post"}],"author":[{"embeddable":true,"href":"https:\/\/www.jeanfrancoiscabestan.com\/archicab\/wp-json\/wp\/v2\/users\/2"}],"replies":[{"embeddable":true,"href":"https:\/\/www.jeanfrancoiscabestan.com\/archicab\/wp-json\/wp\/v2\/comments?post=945"}],"version-history":[{"count":4,"href":"https:\/\/www.jeanfrancoiscabestan.com\/archicab\/wp-json\/wp\/v2\/posts\/945\/revisions"}],"predecessor-version":[{"id":956,"href":"https:\/\/www.jeanfrancoiscabestan.com\/archicab\/wp-json\/wp\/v2\/posts\/945\/revisions\/956"}],"wp:featuredmedia":[{"embeddable":true,"href":"https:\/\/www.jeanfrancoiscabestan.com\/archicab\/wp-json\/wp\/v2\/media\/950"}],"wp:attachment":[{"href":"https:\/\/www.jeanfrancoiscabestan.com\/archicab\/wp-json\/wp\/v2\/media?parent=945"}],"wp:term":[{"taxonomy":"category","embeddable":true,"href":"https:\/\/www.jeanfrancoiscabestan.com\/archicab\/wp-json\/wp\/v2\/categories?post=945"},{"taxonomy":"post_tag","embeddable":true,"href":"https:\/\/www.jeanfrancoiscabestan.com\/archicab\/wp-json\/wp\/v2\/tags?post=945"}],"curies":[{"name":"wp","href":"https:\/\/api.w.org\/{rel}","templated":true}]}}