{"id":86,"date":"2015-11-05T00:00:32","date_gmt":"2015-11-04T23:00:32","guid":{"rendered":"https:\/\/www.jeanfrancoiscabestan.com\/archicab\/?p=86"},"modified":"2021-07-14T14:26:43","modified_gmt":"2021-07-14T12:26:43","slug":"les-briques-de-verre-falconnier","status":"publish","type":"post","link":"https:\/\/www.jeanfrancoiscabestan.com\/archicab\/causes-patrimoniales\/2015\/11\/05\/les-briques-de-verre-falconnier\/","title":{"rendered":"Les briques de verre Falconnier"},"content":{"rendered":"<h1>Conf\u00e9rence du 6 novembre au Salon du Patrimoine, Carrousel du Louvre<\/h1>\n<figure id=\"attachment_88\" aria-describedby=\"caption-attachment-88\" style=\"width: 562px\" class=\"wp-caption aligncenter\"><img decoding=\"async\" loading=\"lazy\" class=\"wp-image-88 size-full\" src=\"https:\/\/www.jeanfrancoiscabestan.com\/archicab\/wp-content\/uploads\/briques-de-verre-falconnier\/invitation_falconnier.jpg\" alt=\"\" width=\"562\" height=\"329\" srcset=\"https:\/\/www.jeanfrancoiscabestan.com\/archicab\/wp-content\/uploads\/briques-de-verre-falconnier\/invitation_falconnier.jpg 562w, https:\/\/www.jeanfrancoiscabestan.com\/archicab\/wp-content\/uploads\/briques-de-verre-falconnier\/invitation_falconnier-300x176.jpg 300w\" sizes=\"(max-width: 562px) 100vw, 562px\" \/><figcaption id=\"caption-attachment-88\" class=\"wp-caption-text\">Invitation au Salon du Patrimoine<\/figcaption><\/figure>\n<h2>Pi\u00e8ces \u00e0 conviction<\/h2>\n<h3>Compte rendu de la conf\u00e9rence Gustave Falconnier dans le Bulletin de l&rsquo;Union Syndicale des Architectes Fran\u00e7ais\u00a0\u00bb, Paris, n\u00b0 16-17, avril-mai 1896<\/h3>\n<div id='gallery-1' class='czr-gallery row flex-row czr-gallery-style gallery galleryid-86 gallery-columns-3 gallery-size-thumbnail'><figure class='gallery-item col col-auto'>\r\n                        <div class='gallery-icon portrait czr-gallery-icon'>\r\n                              <a data-lb-type=\"grouped-gallery\" title=\"Couverture\" href=https:\/\/www.jeanfrancoiscabestan.com\/archicab\/wp-content\/uploads\/briques-de-verre-falconnier\/cr_falconnier1_couv.jpg class=\"bg-link\"><\/a><img width=\"150\" height=\"150\" src=\"https:\/\/www.jeanfrancoiscabestan.com\/archicab\/wp-content\/uploads\/briques-de-verre-falconnier\/cr_falconnier1_couv-150x150.jpg\" class=\"attachment-thumbnail size-thumbnail\" alt=\"\" decoding=\"async\" loading=\"lazy\" sizes=\"(min-width: 1200px) 350px, (min-width: 992px) 290px, (min-width: 768px) 210px, (min-width: 576px) 150px, calc( 50vw - 30px )\" aria-describedby=\"gallery-1-89\" srcset=\"https:\/\/www.jeanfrancoiscabestan.com\/archicab\/wp-content\/uploads\/briques-de-verre-falconnier\/cr_falconnier1_couv-150x150.jpg 150w, https:\/\/www.jeanfrancoiscabestan.com\/archicab\/wp-content\/uploads\/briques-de-verre-falconnier\/cr_falconnier1_couv-510x510.jpg 510w\" \/>\r\n                        <\/div>\r\n                              <figcaption class='wp-caption-text gallery-caption' id='gallery-1-89'>\r\n                              Couverture\r\n                              <\/figcaption><\/figure><figure class='gallery-item col col-auto'>\r\n                        <div class='gallery-icon landscape czr-gallery-icon'>\r\n                              <a data-lb-type=\"grouped-gallery\" title=\"page 273\" href=https:\/\/www.jeanfrancoiscabestan.com\/archicab\/wp-content\/uploads\/briques-de-verre-falconnier\/cr_falconnier2_p273.jpg class=\"bg-link\"><\/a><img width=\"150\" height=\"150\" src=\"https:\/\/www.jeanfrancoiscabestan.com\/archicab\/wp-content\/uploads\/briques-de-verre-falconnier\/cr_falconnier2_p273-150x150.jpg\" class=\"attachment-thumbnail size-thumbnail\" alt=\"\" decoding=\"async\" loading=\"lazy\" sizes=\"(min-width: 1200px) 350px, (min-width: 992px) 290px, (min-width: 768px) 210px, (min-width: 576px) 150px, calc( 50vw - 30px )\" aria-describedby=\"gallery-1-90\" srcset=\"https:\/\/www.jeanfrancoiscabestan.com\/archicab\/wp-content\/uploads\/briques-de-verre-falconnier\/cr_falconnier2_p273-150x150.jpg 150w, https:\/\/www.jeanfrancoiscabestan.com\/archicab\/wp-content\/uploads\/briques-de-verre-falconnier\/cr_falconnier2_p273-510x510.jpg 510w\" \/>\r\n                        <\/div>\r\n                              <figcaption class='wp-caption-text gallery-caption' id='gallery-1-90'>\r\n                              page 273\r\n                              <\/figcaption><\/figure><figure class='gallery-item col col-auto'>\r\n                        <div class='gallery-icon portrait czr-gallery-icon'>\r\n                              <a data-lb-type=\"grouped-gallery\" title=\"page 379\" href=https:\/\/www.jeanfrancoiscabestan.com\/archicab\/wp-content\/uploads\/briques-de-verre-falconnier\/cr_falconnier8_p386.jpg class=\"bg-link\"><\/a><img width=\"150\" height=\"150\" src=\"https:\/\/www.jeanfrancoiscabestan.com\/archicab\/wp-content\/uploads\/briques-de-verre-falconnier\/cr_falconnier8_p386-150x150.jpg\" class=\"attachment-thumbnail size-thumbnail\" alt=\"\" decoding=\"async\" loading=\"lazy\" sizes=\"(min-width: 1200px) 350px, (min-width: 992px) 290px, (min-width: 768px) 210px, (min-width: 576px) 150px, calc( 50vw - 30px )\" aria-describedby=\"gallery-1-91\" srcset=\"https:\/\/www.jeanfrancoiscabestan.com\/archicab\/wp-content\/uploads\/briques-de-verre-falconnier\/cr_falconnier8_p386-150x150.jpg 150w, https:\/\/www.jeanfrancoiscabestan.com\/archicab\/wp-content\/uploads\/briques-de-verre-falconnier\/cr_falconnier8_p386-510x510.jpg 510w\" \/>\r\n                        <\/div>\r\n                              <figcaption class='wp-caption-text gallery-caption' id='gallery-1-91'>\r\n                              page 379\r\n                              <\/figcaption><\/figure><figure class='gallery-item col col-auto'>\r\n                        <div class='gallery-icon landscape czr-gallery-icon'>\r\n                              <a data-lb-type=\"grouped-gallery\" title=\"pages 380-381\" href=https:\/\/www.jeanfrancoiscabestan.com\/archicab\/wp-content\/uploads\/briques-de-verre-falconnier\/cr_falconnier3_p379.jpg class=\"bg-link\"><\/a><img width=\"150\" height=\"150\" src=\"https:\/\/www.jeanfrancoiscabestan.com\/archicab\/wp-content\/uploads\/briques-de-verre-falconnier\/cr_falconnier3_p379-150x150.jpg\" class=\"attachment-thumbnail size-thumbnail\" alt=\"\" decoding=\"async\" loading=\"lazy\" sizes=\"(min-width: 1200px) 350px, (min-width: 992px) 290px, (min-width: 768px) 210px, (min-width: 576px) 150px, calc( 50vw - 30px )\" aria-describedby=\"gallery-1-94\" srcset=\"https:\/\/www.jeanfrancoiscabestan.com\/archicab\/wp-content\/uploads\/briques-de-verre-falconnier\/cr_falconnier3_p379-150x150.jpg 150w, https:\/\/www.jeanfrancoiscabestan.com\/archicab\/wp-content\/uploads\/briques-de-verre-falconnier\/cr_falconnier3_p379-510x510.jpg 510w\" \/>\r\n                        <\/div>\r\n                              <figcaption class='wp-caption-text gallery-caption' id='gallery-1-94'>\r\n                              pages 380-381\r\n                              <\/figcaption><\/figure><figure class='gallery-item col col-auto'>\r\n                        <div class='gallery-icon landscape czr-gallery-icon'>\r\n                              <a data-lb-type=\"grouped-gallery\" title=\"pages 382-383\" href=https:\/\/www.jeanfrancoiscabestan.com\/archicab\/wp-content\/uploads\/briques-de-verre-falconnier\/cr_falconnier5_p382-383.jpg class=\"bg-link\"><\/a><img width=\"150\" height=\"150\" src=\"https:\/\/www.jeanfrancoiscabestan.com\/archicab\/wp-content\/uploads\/briques-de-verre-falconnier\/cr_falconnier5_p382-383-150x150.jpg\" class=\"attachment-thumbnail size-thumbnail\" alt=\"\" decoding=\"async\" loading=\"lazy\" sizes=\"(min-width: 1200px) 350px, (min-width: 992px) 290px, (min-width: 768px) 210px, (min-width: 576px) 150px, calc( 50vw - 30px )\" aria-describedby=\"gallery-1-93\" srcset=\"https:\/\/www.jeanfrancoiscabestan.com\/archicab\/wp-content\/uploads\/briques-de-verre-falconnier\/cr_falconnier5_p382-383-150x150.jpg 150w, https:\/\/www.jeanfrancoiscabestan.com\/archicab\/wp-content\/uploads\/briques-de-verre-falconnier\/cr_falconnier5_p382-383-510x510.jpg 510w\" \/>\r\n                        <\/div>\r\n                              <figcaption class='wp-caption-text gallery-caption' id='gallery-1-93'>\r\n                              pages 382-383\r\n                              <\/figcaption><\/figure><figure class='gallery-item col col-auto'>\r\n                        <div class='gallery-icon landscape czr-gallery-icon'>\r\n                              <a data-lb-type=\"grouped-gallery\" title=\"page 384\" href=https:\/\/www.jeanfrancoiscabestan.com\/archicab\/wp-content\/uploads\/briques-de-verre-falconnier\/cr_falconnier4_p380-381.jpg class=\"bg-link\"><\/a><img width=\"150\" height=\"150\" src=\"https:\/\/www.jeanfrancoiscabestan.com\/archicab\/wp-content\/uploads\/briques-de-verre-falconnier\/cr_falconnier4_p380-381-150x150.jpg\" class=\"attachment-thumbnail size-thumbnail\" alt=\"\" decoding=\"async\" loading=\"lazy\" sizes=\"(min-width: 1200px) 350px, (min-width: 992px) 290px, (min-width: 768px) 210px, (min-width: 576px) 150px, calc( 50vw - 30px )\" aria-describedby=\"gallery-1-92\" srcset=\"https:\/\/www.jeanfrancoiscabestan.com\/archicab\/wp-content\/uploads\/briques-de-verre-falconnier\/cr_falconnier4_p380-381-150x150.jpg 150w, https:\/\/www.jeanfrancoiscabestan.com\/archicab\/wp-content\/uploads\/briques-de-verre-falconnier\/cr_falconnier4_p380-381-510x510.jpg 510w\" \/>\r\n                        <\/div>\r\n                              <figcaption class='wp-caption-text gallery-caption' id='gallery-1-92'>\r\n                              page 384\r\n                              <\/figcaption><\/figure><figure class='gallery-item col col-auto'>\r\n                        <div class='gallery-icon portrait czr-gallery-icon'>\r\n                              <a data-lb-type=\"grouped-gallery\" title=\"page 385\" href=https:\/\/www.jeanfrancoiscabestan.com\/archicab\/wp-content\/uploads\/briques-de-verre-falconnier\/cr_falconnier9_p407.jpg class=\"bg-link\"><\/a><img width=\"150\" height=\"150\" src=\"https:\/\/www.jeanfrancoiscabestan.com\/archicab\/wp-content\/uploads\/briques-de-verre-falconnier\/cr_falconnier9_p407-150x150.jpg\" class=\"attachment-thumbnail size-thumbnail\" alt=\"\" decoding=\"async\" loading=\"lazy\" sizes=\"(min-width: 1200px) 350px, (min-width: 992px) 290px, (min-width: 768px) 210px, (min-width: 576px) 150px, calc( 50vw - 30px )\" aria-describedby=\"gallery-1-95\" srcset=\"https:\/\/www.jeanfrancoiscabestan.com\/archicab\/wp-content\/uploads\/briques-de-verre-falconnier\/cr_falconnier9_p407-150x150.jpg 150w, https:\/\/www.jeanfrancoiscabestan.com\/archicab\/wp-content\/uploads\/briques-de-verre-falconnier\/cr_falconnier9_p407-510x510.jpg 510w\" \/>\r\n                        <\/div>\r\n                              <figcaption class='wp-caption-text gallery-caption' id='gallery-1-95'>\r\n                              page 385\r\n                              <\/figcaption><\/figure><figure class='gallery-item col col-auto'>\r\n                        <div class='gallery-icon portrait czr-gallery-icon'>\r\n                              <a data-lb-type=\"grouped-gallery\" title=\"page 386\" href=https:\/\/www.jeanfrancoiscabestan.com\/archicab\/wp-content\/uploads\/briques-de-verre-falconnier\/cr_falconnier7_p385.jpg class=\"bg-link\"><\/a><img width=\"150\" height=\"150\" src=\"https:\/\/www.jeanfrancoiscabestan.com\/archicab\/wp-content\/uploads\/briques-de-verre-falconnier\/cr_falconnier7_p385-150x150.jpg\" class=\"attachment-thumbnail size-thumbnail\" alt=\"\" decoding=\"async\" loading=\"lazy\" sizes=\"(min-width: 1200px) 350px, (min-width: 992px) 290px, (min-width: 768px) 210px, (min-width: 576px) 150px, calc( 50vw - 30px )\" aria-describedby=\"gallery-1-96\" srcset=\"https:\/\/www.jeanfrancoiscabestan.com\/archicab\/wp-content\/uploads\/briques-de-verre-falconnier\/cr_falconnier7_p385-150x150.jpg 150w, https:\/\/www.jeanfrancoiscabestan.com\/archicab\/wp-content\/uploads\/briques-de-verre-falconnier\/cr_falconnier7_p385-510x510.jpg 510w\" \/>\r\n                        <\/div>\r\n                              <figcaption class='wp-caption-text gallery-caption' id='gallery-1-96'>\r\n                              page 386\r\n                              <\/figcaption><\/figure><figure class='gallery-item col col-auto'>\r\n                        <div class='gallery-icon portrait czr-gallery-icon'>\r\n                              <a data-lb-type=\"grouped-gallery\" title=\"page 407\" href=https:\/\/www.jeanfrancoiscabestan.com\/archicab\/wp-content\/uploads\/briques-de-verre-falconnier\/cr_falconnier6_p384.jpg class=\"bg-link\"><\/a><img width=\"150\" height=\"150\" src=\"https:\/\/www.jeanfrancoiscabestan.com\/archicab\/wp-content\/uploads\/briques-de-verre-falconnier\/cr_falconnier6_p384-150x150.jpg\" class=\"attachment-thumbnail size-thumbnail\" alt=\"\" decoding=\"async\" loading=\"lazy\" sizes=\"(min-width: 1200px) 350px, (min-width: 992px) 290px, (min-width: 768px) 210px, (min-width: 576px) 150px, calc( 50vw - 30px )\" aria-describedby=\"gallery-1-97\" srcset=\"https:\/\/www.jeanfrancoiscabestan.com\/archicab\/wp-content\/uploads\/briques-de-verre-falconnier\/cr_falconnier6_p384-150x150.jpg 150w, https:\/\/www.jeanfrancoiscabestan.com\/archicab\/wp-content\/uploads\/briques-de-verre-falconnier\/cr_falconnier6_p384-510x510.jpg 510w\" \/>\r\n                        <\/div>\r\n                              <figcaption class='wp-caption-text gallery-caption' id='gallery-1-97'>\r\n                              page 407\r\n                              <\/figcaption><\/figure>\r\n                  <\/div>\n\n<h3>Photos de la v\u00e9randa Yersin ; Prangins (CH)<\/h3>\n<div id='gallery-2' class='czr-gallery row flex-row czr-gallery-style gallery galleryid-86 gallery-columns-5 gallery-size-thumbnail'><figure class='gallery-item col col-auto'>\r\n                        <div class='gallery-icon portrait czr-gallery-icon'>\r\n                              <a data-lb-type=\"grouped-gallery\" href=https:\/\/www.jeanfrancoiscabestan.com\/archicab\/wp-content\/uploads\/briques-de-verre-falconnier\/photo_falconnier_veranda_yersin_1.png class=\"bg-link\"><\/a><img width=\"150\" height=\"150\" src=\"https:\/\/www.jeanfrancoiscabestan.com\/archicab\/wp-content\/uploads\/briques-de-verre-falconnier\/photo_falconnier_veranda_yersin_1-150x150.png\" class=\"attachment-thumbnail size-thumbnail\" alt=\"\" decoding=\"async\" loading=\"lazy\" sizes=\"(min-width: 1200px) 198px, (min-width: 992px) 162px, (min-width: 768px) 114px, (min-width: 576px) 105px, calc( 50vw - 30px )\" srcset=\"https:\/\/www.jeanfrancoiscabestan.com\/archicab\/wp-content\/uploads\/briques-de-verre-falconnier\/photo_falconnier_veranda_yersin_1-150x150.png 150w, https:\/\/www.jeanfrancoiscabestan.com\/archicab\/wp-content\/uploads\/briques-de-verre-falconnier\/photo_falconnier_veranda_yersin_1-510x510.png 510w\" \/>\r\n                        <\/div><\/figure><figure class='gallery-item col col-auto'>\r\n                        <div class='gallery-icon landscape czr-gallery-icon'>\r\n                              <a data-lb-type=\"grouped-gallery\" href=https:\/\/www.jeanfrancoiscabestan.com\/archicab\/wp-content\/uploads\/briques-de-verre-falconnier\/photo_falconnier_veranda_yersin_2.png class=\"bg-link\"><\/a><img width=\"150\" height=\"150\" src=\"https:\/\/www.jeanfrancoiscabestan.com\/archicab\/wp-content\/uploads\/briques-de-verre-falconnier\/photo_falconnier_veranda_yersin_2-150x150.png\" class=\"attachment-thumbnail size-thumbnail\" alt=\"\" decoding=\"async\" loading=\"lazy\" sizes=\"(min-width: 1200px) 198px, (min-width: 992px) 162px, (min-width: 768px) 114px, (min-width: 576px) 105px, calc( 50vw - 30px )\" srcset=\"https:\/\/www.jeanfrancoiscabestan.com\/archicab\/wp-content\/uploads\/briques-de-verre-falconnier\/photo_falconnier_veranda_yersin_2-150x150.png 150w, https:\/\/www.jeanfrancoiscabestan.com\/archicab\/wp-content\/uploads\/briques-de-verre-falconnier\/photo_falconnier_veranda_yersin_2-510x510.png 510w\" \/>\r\n                        <\/div><\/figure><figure class='gallery-item col col-auto'>\r\n                        <div class='gallery-icon portrait czr-gallery-icon'>\r\n                              <a data-lb-type=\"grouped-gallery\" href=https:\/\/www.jeanfrancoiscabestan.com\/archicab\/wp-content\/uploads\/briques-de-verre-falconnier\/photo_falconnier_veranda_yersin_3.png class=\"bg-link\"><\/a><img width=\"150\" height=\"150\" src=\"https:\/\/www.jeanfrancoiscabestan.com\/archicab\/wp-content\/uploads\/briques-de-verre-falconnier\/photo_falconnier_veranda_yersin_3-150x150.png\" class=\"attachment-thumbnail size-thumbnail\" alt=\"\" decoding=\"async\" loading=\"lazy\" sizes=\"(min-width: 1200px) 198px, (min-width: 992px) 162px, (min-width: 768px) 114px, (min-width: 576px) 105px, calc( 50vw - 30px )\" srcset=\"https:\/\/www.jeanfrancoiscabestan.com\/archicab\/wp-content\/uploads\/briques-de-verre-falconnier\/photo_falconnier_veranda_yersin_3-150x150.png 150w, https:\/\/www.jeanfrancoiscabestan.com\/archicab\/wp-content\/uploads\/briques-de-verre-falconnier\/photo_falconnier_veranda_yersin_3-510x510.png 510w\" \/>\r\n                        <\/div><\/figure><figure class='gallery-item col col-auto'>\r\n                        <div class='gallery-icon landscape czr-gallery-icon'>\r\n                              <a data-lb-type=\"grouped-gallery\" href=https:\/\/www.jeanfrancoiscabestan.com\/archicab\/wp-content\/uploads\/briques-de-verre-falconnier\/photo_falconnier_veranda_yersin_4.png class=\"bg-link\"><\/a><img width=\"150\" height=\"150\" src=\"https:\/\/www.jeanfrancoiscabestan.com\/archicab\/wp-content\/uploads\/briques-de-verre-falconnier\/photo_falconnier_veranda_yersin_4-150x150.png\" class=\"attachment-thumbnail size-thumbnail\" alt=\"\" decoding=\"async\" loading=\"lazy\" sizes=\"(min-width: 1200px) 198px, (min-width: 992px) 162px, (min-width: 768px) 114px, (min-width: 576px) 105px, calc( 50vw - 30px )\" srcset=\"https:\/\/www.jeanfrancoiscabestan.com\/archicab\/wp-content\/uploads\/briques-de-verre-falconnier\/photo_falconnier_veranda_yersin_4-150x150.png 150w, https:\/\/www.jeanfrancoiscabestan.com\/archicab\/wp-content\/uploads\/briques-de-verre-falconnier\/photo_falconnier_veranda_yersin_4-510x510.png 510w\" \/>\r\n                        <\/div><\/figure><figure class='gallery-item col col-auto'>\r\n                        <div class='gallery-icon landscape czr-gallery-icon'>\r\n                              <a data-lb-type=\"grouped-gallery\" href=https:\/\/www.jeanfrancoiscabestan.com\/archicab\/wp-content\/uploads\/briques-de-verre-falconnier\/photo_falconnier_veranda_yersin_5.png class=\"bg-link\"><\/a><img width=\"150\" height=\"150\" src=\"https:\/\/www.jeanfrancoiscabestan.com\/archicab\/wp-content\/uploads\/briques-de-verre-falconnier\/photo_falconnier_veranda_yersin_5-150x150.png\" class=\"attachment-thumbnail size-thumbnail\" alt=\"\" decoding=\"async\" loading=\"lazy\" sizes=\"(min-width: 1200px) 198px, (min-width: 992px) 162px, (min-width: 768px) 114px, (min-width: 576px) 105px, calc( 50vw - 30px )\" srcset=\"https:\/\/www.jeanfrancoiscabestan.com\/archicab\/wp-content\/uploads\/briques-de-verre-falconnier\/photo_falconnier_veranda_yersin_5-150x150.png 150w, https:\/\/www.jeanfrancoiscabestan.com\/archicab\/wp-content\/uploads\/briques-de-verre-falconnier\/photo_falconnier_veranda_yersin_5-510x510.png 510w\" \/>\r\n                        <\/div><\/figure>\r\n                  <\/div>\n\n<h3>Vid\u00e9os<\/h3>\n<h4>Fabrication des briques (mod\u00e8le n\u00b0 5 \u00e0 Marinha Grande)<\/h4>\n<p><iframe loading=\"lazy\" src=\"\/\/www.dailymotion.com\/embed\/video\/x3i30cz\" width=\"100%\" height=\"315\" frameborder=\"0\" allowfullscreen=\"allowfullscreen\"><\/iframe><br \/>\n<iframe loading=\"lazy\" src=\"\/\/www.dailymotion.com\/embed\/video\/x3i30d1\" width=\"100%\" height=\"315\" frameborder=\"0\" allowfullscreen=\"allowfullscreen\"><\/iframe><\/p>\n<h4>Conf\u00e9rence film\u00e9e au Salon du Patrimoine<br \/>\n<iframe loading=\"lazy\" src=\"\/\/www.dailymotion.com\/embed\/video\/x3ikett\" width=\"100%\" height=\"315\" frameborder=\"0\" allowfullscreen=\"allowfullscreen\"><\/iframe><br \/>\n<iframe loading=\"lazy\" src=\"\/\/www.dailymotion.com\/embed\/video\/x3iketu\" width=\"100%\" height=\"315\" frameborder=\"0\" allowfullscreen=\"allowfullscreen\"><\/iframe><br \/>\n<iframe loading=\"lazy\" src=\"\/\/www.dailymotion.com\/embed\/video\/x3iv0nt\" width=\"100%\" height=\"315\" frameborder=\"0\" allowfullscreen=\"allowfullscreen\"><\/iframe><br \/>\n<iframe loading=\"lazy\" src=\"\/\/www.dailymotion.com\/embed\/video\/x3iketp\" width=\"100%\" height=\"315\" frameborder=\"0\" allowfullscreen=\"allowfullscreen\"><\/iframe><br \/>\n<iframe loading=\"lazy\" src=\"\/\/www.dailymotion.com\/embed\/video\/x3iketq\" width=\"100%\" height=\"315\" frameborder=\"0\" allowfullscreen=\"allowfullscreen\"><\/iframe><br \/>\n<iframe loading=\"lazy\" src=\"\/\/www.dailymotion.com\/embed\/video\/x3iketr\" width=\"100%\" height=\"315\" frameborder=\"0\" allowfullscreen=\"allowfullscreen\"><\/iframe><\/h4>\n","protected":false},"excerpt":{"rendered":"<p>Conf\u00e9rence du 6 novembre au Salon du Patrimoine, Carrousel du Louvre Pi\u00e8ces \u00e0 conviction Compte rendu de la conf\u00e9rence Gustave Falconnier dans le Bulletin de l&rsquo;Union Syndicale des Architectes Fran\u00e7ais\u00a0\u00bb, Paris, n\u00b0 16-17, avril-mai 1896 Photos de la v\u00e9randa Yersin ; Prangins (CH) Vid\u00e9os Fabrication des briques (mod\u00e8le n\u00b0 5 \u00e0 Marinha Grande) Conf\u00e9rence film\u00e9e [&hellip;]<\/p>\n","protected":false},"author":2,"featured_media":919,"comment_status":"closed","ping_status":"open","sticky":false,"template":"","format":"standard","meta":[],"categories":[2],"tags":[],"_links":{"self":[{"href":"https:\/\/www.jeanfrancoiscabestan.com\/archicab\/wp-json\/wp\/v2\/posts\/86"}],"collection":[{"href":"https:\/\/www.jeanfrancoiscabestan.com\/archicab\/wp-json\/wp\/v2\/posts"}],"about":[{"href":"https:\/\/www.jeanfrancoiscabestan.com\/archicab\/wp-json\/wp\/v2\/types\/post"}],"author":[{"embeddable":true,"href":"https:\/\/www.jeanfrancoiscabestan.com\/archicab\/wp-json\/wp\/v2\/users\/2"}],"replies":[{"embeddable":true,"href":"https:\/\/www.jeanfrancoiscabestan.com\/archicab\/wp-json\/wp\/v2\/comments?post=86"}],"version-history":[{"count":6,"href":"https:\/\/www.jeanfrancoiscabestan.com\/archicab\/wp-json\/wp\/v2\/posts\/86\/revisions"}],"predecessor-version":[{"id":736,"href":"https:\/\/www.jeanfrancoiscabestan.com\/archicab\/wp-json\/wp\/v2\/posts\/86\/revisions\/736"}],"wp:featuredmedia":[{"embeddable":true,"href":"https:\/\/www.jeanfrancoiscabestan.com\/archicab\/wp-json\/wp\/v2\/media\/919"}],"wp:attachment":[{"href":"https:\/\/www.jeanfrancoiscabestan.com\/archicab\/wp-json\/wp\/v2\/media?parent=86"}],"wp:term":[{"taxonomy":"category","embeddable":true,"href":"https:\/\/www.jeanfrancoiscabestan.com\/archicab\/wp-json\/wp\/v2\/categories?post=86"},{"taxonomy":"post_tag","embeddable":true,"href":"https:\/\/www.jeanfrancoiscabestan.com\/archicab\/wp-json\/wp\/v2\/tags?post=86"}],"curies":[{"name":"wp","href":"https:\/\/api.w.org\/{rel}","templated":true}]}}