{"id":805,"date":"2012-05-21T18:32:30","date_gmt":"2012-05-21T16:32:30","guid":{"rendered":"https:\/\/www.jeanfrancoiscabestan.com\/archicab\/?p=805"},"modified":"2021-07-14T12:44:12","modified_gmt":"2021-07-14T10:44:12","slug":"problematique-du-voyage","status":"publish","type":"post","link":"https:\/\/www.jeanfrancoiscabestan.com\/archicab\/causes-patrimoniales\/voyage-detude-a-laquila\/2012\/05\/21\/problematique-du-voyage\/","title":{"rendered":"Probl\u00e9matique du voyage"},"content":{"rendered":"<h1>Pi\u00e8ces \u00e0 conviction<\/h1>\n<p>On trouvera ci-dessous quelques \u00e9l\u00e9ments de compr\u00e9hension de cette probl\u00e9matique :<\/p>\n<ul>\n<li>Un <a href=\"https:\/\/www.jeanfrancoiscabestan.com\/archicab\/wp-content\/uploads\/aquila\/olivier_namias.pdf\" target=\"_blank\" rel=\"noopener\">article d&rsquo;Olivier Namias<\/a>, architecte, paru dans Archiscopie n\u00b0 101, f\u00e9vrier 2011, p. 19-21, qui offre une premi\u00e8re porte d&rsquo;acc\u00e8s \u00e0 cet \u00e9cheveau de pistes.<\/li>\n<li>Un <a href=\"http:\/\/dl.dropbox.com\/u\/14666683\/Radici%20mp4%20web%20preview.mp4\" target=\"_blank\" rel=\"noopener\">documentaire pr\u00e9sent\u00e9 \u00e0 la Biennale d&rsquo;architecture de Venise de 2011 r\u00e9alis\u00e9 par un Aquilain que nous aurons l&rsquo;occasion de rencontrer l\u00e0-bas : Luca Coccocetta<\/a>. D&rsquo;une dur\u00e9e de 45 mn environ, la vid\u00e9o de ce documentaire a \u00e9t\u00e9 sous-titr\u00e9e en fran\u00e7ais, \u00e0 peu pr\u00e8s fid\u00e8lement, \u00e0 l\u2019exception de deux trois contresens. Attention, il faut laisser \u00e0 la video le temps de d\u00e9marrer : environ 60 secondes.<\/li>\n<li>Pour ceux qui n&rsquo;auraient pas vu le c\u00e9l\u00e8bre film de Sabina Guzzanti &#8211; \u00ab\u00a0Draquila\u00a0\u00bb &#8211; sorti en mai 2010, voil\u00e0 un lien qui permet de se documenter et m\u00eame de t\u00e9l\u00e9charger le film pour la somme minimale de 1 euro. Voil\u00e0 l\u2019<a href=\"http:\/\/www.draquila-ilfilm.it\/\" target=\"_blank\" rel=\"noopener\">adresse du site<\/a> de la talentueuse r\u00e9alisatrice.<\/li>\n<li>Sur le site de \u00ab\u00a0La Tribune de l&rsquo;art\u00a0\u00bb, on trouve des articles de Didier Rykner assez bien document\u00e9s sur les vicissitudes que traverse le patrimoine urbain et monumental de l&rsquo;Aquila :\n<ul>\n<li><a href=\"http:\/\/www.latribunedelart.com\/l-aquila-victime-du-tremblement-de-terre-et-de-berlusconi-article003210.html\" target=\"_blank\" rel=\"noopener\">\u00ab\u00a0L&rsquo;Aquila victime du tremblement de terre et de Berlusconi\u00a0\u00bb<\/a><\/li>\n<li><a href=\"http:\/\/www.latribunedelart.com\/promenade-dans-laeur-tm-aquila-deux-ans-apres-le-tremblement-de-terre-article003310.html\" target=\"_blank\" rel=\"noopener\">Promenade dans l&rsquo;Aquila deux ans apr\u00e8s le tremblement de terre<\/a><\/li>\n<\/ul>\n<\/li>\n<li>Enfin, m\u00eame pour qui ne lit pas l\u2019italien, je recommande la lecture d\u2019un article tr\u00e8s bien document\u00e9 et illustr\u00e9, qui donne un excellent compte-rendu de la situation au moment de la pleine effervescence de la politique berlusconienne : \u00ab\u00a0L&rsquo;Aquila ; non si uccide cos\u00ec anche una citt\u00e0 ?\u00a0\u00bb <a href=\"http:\/\/www.bianchibandinelli.it\/documenti\/2009_dossierLAQUILA.pdf\" target=\"_blank\" rel=\"noopener\">article disponible en version PdF sur internet r\u00e9dig\u00e9 par le Comitatus Aquilinus<\/a>.<\/li>\n<\/ul>\n<p>JFC<\/p>\n","protected":false},"excerpt":{"rendered":"<p>Pi\u00e8ces \u00e0 conviction On trouvera ci-dessous quelques \u00e9l\u00e9ments de compr\u00e9hension de cette probl\u00e9matique : Un article d&rsquo;Olivier Namias, architecte, paru dans Archiscopie n\u00b0 101, f\u00e9vrier 2011, p. 19-21, qui offre une premi\u00e8re porte d&rsquo;acc\u00e8s \u00e0 cet \u00e9cheveau de pistes. Un documentaire pr\u00e9sent\u00e9 \u00e0 la Biennale d&rsquo;architecture de Venise de 2011 r\u00e9alis\u00e9 par un Aquilain que [&hellip;]<\/p>\n","protected":false},"author":2,"featured_media":923,"comment_status":"closed","ping_status":"open","sticky":false,"template":"","format":"standard","meta":[],"categories":[26],"tags":[],"_links":{"self":[{"href":"https:\/\/www.jeanfrancoiscabestan.com\/archicab\/wp-json\/wp\/v2\/posts\/805"}],"collection":[{"href":"https:\/\/www.jeanfrancoiscabestan.com\/archicab\/wp-json\/wp\/v2\/posts"}],"about":[{"href":"https:\/\/www.jeanfrancoiscabestan.com\/archicab\/wp-json\/wp\/v2\/types\/post"}],"author":[{"embeddable":true,"href":"https:\/\/www.jeanfrancoiscabestan.com\/archicab\/wp-json\/wp\/v2\/users\/2"}],"replies":[{"embeddable":true,"href":"https:\/\/www.jeanfrancoiscabestan.com\/archicab\/wp-json\/wp\/v2\/comments?post=805"}],"version-history":[{"count":1,"href":"https:\/\/www.jeanfrancoiscabestan.com\/archicab\/wp-json\/wp\/v2\/posts\/805\/revisions"}],"predecessor-version":[{"id":806,"href":"https:\/\/www.jeanfrancoiscabestan.com\/archicab\/wp-json\/wp\/v2\/posts\/805\/revisions\/806"}],"wp:featuredmedia":[{"embeddable":true,"href":"https:\/\/www.jeanfrancoiscabestan.com\/archicab\/wp-json\/wp\/v2\/media\/923"}],"wp:attachment":[{"href":"https:\/\/www.jeanfrancoiscabestan.com\/archicab\/wp-json\/wp\/v2\/media?parent=805"}],"wp:term":[{"taxonomy":"category","embeddable":true,"href":"https:\/\/www.jeanfrancoiscabestan.com\/archicab\/wp-json\/wp\/v2\/categories?post=805"},{"taxonomy":"post_tag","embeddable":true,"href":"https:\/\/www.jeanfrancoiscabestan.com\/archicab\/wp-json\/wp\/v2\/tags?post=805"}],"curies":[{"name":"wp","href":"https:\/\/api.w.org\/{rel}","templated":true}]}}