{"id":789,"date":"2012-05-21T18:03:18","date_gmt":"2012-05-21T16:03:18","guid":{"rendered":"https:\/\/www.jeanfrancoiscabestan.com\/archicab\/?p=789"},"modified":"2021-07-14T13:56:39","modified_gmt":"2021-07-14T11:56:39","slug":"voyage-detude-a-laquila","status":"publish","type":"post","link":"https:\/\/www.jeanfrancoiscabestan.com\/archicab\/causes-patrimoniales\/voyage-detude-a-laquila\/2012\/05\/21\/voyage-detude-a-laquila\/","title":{"rendered":"Voyage d&rsquo;\u00e9tude \u00e0 l&rsquo;Aquila"},"content":{"rendered":"<h1>L&rsquo;Aquila s&rsquo;invite aux journ\u00e9es d&rsquo;\u00e9tude des 2 &amp; 3 juillet 2012<\/h1>\n<ul>\n<li><a href=\"https:\/\/www.jeanfrancoiscabestan.com\/archicab\/2012\/07\/02\/lhabitat-parisien\/\">Habitat parisien &amp; Reconversion<\/a><\/li>\n<\/ul>\n<h1>Pi\u00e8ces relatives au voyage d&rsquo;\u00e9tude \u00e0 l&rsquo;Aquila<\/h1>\n<p><a href=\"https:\/\/www.jeanfrancoiscabestan.com\/archicab\/wp-content\/uploads\/aquila\/aquila_0212_gaia_taiuti.png\"><img decoding=\"async\" loading=\"lazy\" class=\"aligncenter wp-image-798 size-medium\" src=\"https:\/\/www.jeanfrancoiscabestan.com\/archicab\/wp-content\/uploads\/aquila\/aquila_0212_gaia_taiuti-225x300.png\" alt=\"\" width=\"225\" height=\"300\" srcset=\"https:\/\/www.jeanfrancoiscabestan.com\/archicab\/wp-content\/uploads\/aquila\/aquila_0212_gaia_taiuti-225x300.png 225w, https:\/\/www.jeanfrancoiscabestan.com\/archicab\/wp-content\/uploads\/aquila\/aquila_0212_gaia_taiuti.png 743w\" sizes=\"(max-width: 225px) 100vw, 225px\" \/><\/a><\/p>\n<h2>Pr\u00e9sentation de la probl\u00e9matique du voyage<\/h2>\n<ul>\n<li>Pr\u00e9sentation de la probl\u00e9matique du voyage, Jean-Fran\u00e7ois Cabestan<\/li>\n<li><a href=\"https:\/\/www.jeanfrancoiscabestan.com\/archicab\/wp-content\/uploads\/aquila\/programme_voyage_aquila.pdf\" target=\"_blank\" rel=\"noopener\">Programme du voyage d&rsquo;\u00e9tude \u00e0 l&rsquo;Aquila (en fran\u00e7ais)<\/a> (pdf)<\/li>\n<li><a href=\"https:\/\/www.jeanfrancoiscabestan.com\/archicab\/wp-content\/uploads\/aquila\/programma_aquila.pdf\" target=\"_blank\" rel=\"noopener\">Programma del soggiorno di studio a L&rsquo;Aquila<\/a> (pdf)<\/li>\n<li><a href=\"https:\/\/www.jeanfrancoiscabestan.com\/archicab\/wp-content\/uploads\/aquila\/plaquette.pdf\" target=\"_blank\" rel=\"noopener\">Plaquette du voyage<\/a> (pdf)<\/li>\n<\/ul>\n<h2>Articles tir\u00e9s du n\u00b063 de l&rsquo;ANATKH, mai 2011<\/h2>\n<figure id=\"attachment_797\" aria-describedby=\"caption-attachment-797\" style=\"width: 250px\" class=\"wp-caption aligncenter\"><img decoding=\"async\" loading=\"lazy\" class=\"wp-image-797 size-full\" src=\"https:\/\/www.jeanfrancoiscabestan.com\/archicab\/wp-content\/uploads\/aquila\/couv_anatkh.jpg\" alt=\"\" width=\"250\" height=\"272\" \/><figcaption id=\"caption-attachment-797\" class=\"wp-caption-text\">Couverture ANATKH n\u00b063<\/figcaption><\/figure>\n<ul>\n<li><a href=\"https:\/\/www.jeanfrancoiscabestan.com\/archicab\/wp-content\/uploads\/aquila\/sommaire_anatkh.pdf\" target=\"_blank\" rel=\"noopener\">Sommaire des articles (en anglais)<\/a> (pdf)<\/li>\n<li><a href=\"https:\/\/www.jeanfrancoiscabestan.com\/archicab\/wp-content\/uploads\/aquila\/lucia_arbace_ld.pdf\" target=\"_blank\" rel=\"noopener\">Lucia Arbace<\/a> (pdf)<\/li>\n<li><a href=\"https:\/\/www.jeanfrancoiscabestan.com\/archicab\/wp-content\/uploads\/aquila\/giorgio_piccinato.pdf\" target=\"_blank\" rel=\"noopener\">Giorgio Piccinato<\/a> (pdf)<\/li>\n<li><a href=\"https:\/\/www.jeanfrancoiscabestan.com\/archicab\/wp-content\/uploads\/aquila\/rosalia_vittorini.pdf\" target=\"_blank\" rel=\"noopener\">Rosalia Vittorini<\/a> (pdf)<\/li>\n<li><a href=\"https:\/\/www.jeanfrancoiscabestan.com\/archicab\/wp-content\/uploads\/aquila\/maria_magarita_segarra_lagunes.pdf\" target=\"_blank\" rel=\"noopener\">Maria Magarita Segarra Lagunes<\/a> (pdf)<\/li>\n<\/ul>\n<h2>Autres articles<\/h2>\n<ul>\n<li><a href=\"https:\/\/www.jeanfrancoiscabestan.com\/archicab\/wp-content\/uploads\/aquila\/olivier_namias.pdf\" target=\"_blank\" rel=\"noopener\">\u00ab\u00a0Draquila, l&rsquo;Italie qui tremble\u00a0\u00bb, Olivier Namias, ARCHISCOPIE n\u00b0101, f\u00e9vrier 2011<\/a><\/li>\n<li><a href=\"http:\/\/www.awn.it\/AWN\/Engine\/RAServePG.php\/P\/191161AWN0107\/M\/20011AWN0107\" target=\"_blank\" rel=\"noopener\">CALSOLARO Fabiana et FRONTERA Massimo, \u00ab L&rsquo;Aquila, rinasce da piazza armi \u00bb, in Il Sole 24 Ore &#8211; Progetti e concorsi, 13-18 ; f\u00e9vrier 2012, p. 1 et 5.<\/a><\/li>\n<li><a href=\"http:\/\/www.awn.it\/AWN\/Engine\/RAServePG.php\/P\/162431AWN0300\/M\/40501AWN0306\" target=\"_blank\" rel=\"noopener\">PIEROTTI Paula et SALERNO Mauro, \u00ab L&rsquo;Aquila, ricostruzione senza architettura \u00bb, in Il Sole 24 Ore &#8211; Progetti e concorsi, 28 mars-2 avril 2011, p. 1-3.<\/a><\/li>\n<li><a href=\"https:\/\/www.jeanfrancoiscabestan.com\/archicab\/wp-content\/uploads\/aquila\/giornale_25_09.pdf\" target=\"_blank\" rel=\"noopener\">Giornale de DoCoMoMo Italia n\u00b025 (2009)<\/a><\/li>\n<\/ul>\n","protected":false},"excerpt":{"rendered":"<p>L&rsquo;Aquila s&rsquo;invite aux journ\u00e9es d&rsquo;\u00e9tude des 2 &amp; 3 juillet 2012 Habitat parisien &amp; Reconversion Pi\u00e8ces relatives au voyage d&rsquo;\u00e9tude \u00e0 l&rsquo;Aquila Pr\u00e9sentation de la probl\u00e9matique du voyage Pr\u00e9sentation de la probl\u00e9matique du voyage, Jean-Fran\u00e7ois Cabestan Programme du voyage d&rsquo;\u00e9tude \u00e0 l&rsquo;Aquila (en fran\u00e7ais) (pdf) Programma del soggiorno di studio a L&rsquo;Aquila (pdf) Plaquette du [&hellip;]<\/p>\n","protected":false},"author":2,"featured_media":928,"comment_status":"closed","ping_status":"open","sticky":false,"template":"","format":"standard","meta":[],"categories":[26],"tags":[],"_links":{"self":[{"href":"https:\/\/www.jeanfrancoiscabestan.com\/archicab\/wp-json\/wp\/v2\/posts\/789"}],"collection":[{"href":"https:\/\/www.jeanfrancoiscabestan.com\/archicab\/wp-json\/wp\/v2\/posts"}],"about":[{"href":"https:\/\/www.jeanfrancoiscabestan.com\/archicab\/wp-json\/wp\/v2\/types\/post"}],"author":[{"embeddable":true,"href":"https:\/\/www.jeanfrancoiscabestan.com\/archicab\/wp-json\/wp\/v2\/users\/2"}],"replies":[{"embeddable":true,"href":"https:\/\/www.jeanfrancoiscabestan.com\/archicab\/wp-json\/wp\/v2\/comments?post=789"}],"version-history":[{"count":4,"href":"https:\/\/www.jeanfrancoiscabestan.com\/archicab\/wp-json\/wp\/v2\/posts\/789\/revisions"}],"predecessor-version":[{"id":804,"href":"https:\/\/www.jeanfrancoiscabestan.com\/archicab\/wp-json\/wp\/v2\/posts\/789\/revisions\/804"}],"wp:featuredmedia":[{"embeddable":true,"href":"https:\/\/www.jeanfrancoiscabestan.com\/archicab\/wp-json\/wp\/v2\/media\/928"}],"wp:attachment":[{"href":"https:\/\/www.jeanfrancoiscabestan.com\/archicab\/wp-json\/wp\/v2\/media?parent=789"}],"wp:term":[{"taxonomy":"category","embeddable":true,"href":"https:\/\/www.jeanfrancoiscabestan.com\/archicab\/wp-json\/wp\/v2\/categories?post=789"},{"taxonomy":"post_tag","embeddable":true,"href":"https:\/\/www.jeanfrancoiscabestan.com\/archicab\/wp-json\/wp\/v2\/tags?post=789"}],"curies":[{"name":"wp","href":"https:\/\/api.w.org\/{rel}","templated":true}]}}