{"id":680,"date":"2018-11-17T12:25:14","date_gmt":"2018-11-17T11:25:14","guid":{"rendered":"https:\/\/www.jeanfrancoiscabestan.com\/archicab\/?p=680"},"modified":"2021-07-14T14:19:52","modified_gmt":"2021-07-14T12:19:52","slug":"bibliographie","status":"publish","type":"post","link":"https:\/\/www.jeanfrancoiscabestan.com\/archicab\/a-propos-de-jfc\/2018\/11\/17\/bibliographie\/","title":{"rendered":"Bibliographie"},"content":{"rendered":"<ul>\n<li><b>1995<\/b>\u00a0\u00ab L\u2019invenzione e la costituzione della casa di appartamenti a Parigi sotto il regno di Luigi XVI\u201d, actes du \u201c<i>Convegno internazionale : il progetto nello spazio della memoria, segni, idee e potenzialit\u00e0 \u00bb,<\/i>\u00a0Universit\u00e0 Federico II di Napoli, 27 et 28 octobre 1995, p. 151-162<\/li>\n<li><b>1997<\/b>\u00a0\u00ab La naissance de l\u2019immeuble d\u2019appartements \u00e0 Paris sous le r\u00e8gne de Louis XV \u00bb ; in\u00a0<i>Paris, capitale des arts sous Louis XV<\/i>, Annales du Centre Ledoux, p. 167-195<\/li>\n<li><b>1998<\/b>\u00a0\u00ab Il recupero della zona di Santa Croce \u00bb in\u00a0<i>Architettura e ambiente urbano : otto idee di progetto per la citt\u00e0 di Andria<\/i>, ouvrage collectif, sous la direction de G. Selano, Editoriale d\u2019Architettura, p. 50-57<\/li>\n<li><b>1998<\/b>\u00a0\u00ab De la maison \u00e0 loyers \u00e0 l\u2019immeuble ; 1715 \u2013 1792 \u00bb,\u00a0<i>Revue de l\u2019Ecole d\u2019Architecture de Versailles<\/i>\u00a0, n\u00b0 3, 1998, p. 55-69<\/li>\n<li><b>1999<\/b>\u00a0\u00ab H\u00f4tels aristocratiques et reconversion : le cas de Saint-Aignan \u00bb,\u00a0<i>AMC Moniteur<\/i>, n\u00b0 102, novembre 99, p. 64-71<\/li>\n<li><b>2000<\/b>\u00a0\u00ab Habitat et innovation au XVIIIe si\u00e8cle \u00bb, catalogue de l\u2019exposition\u00a0<i>Les grands Boulevards de Paris<\/i>, A.A.V.P., p. 63-66<\/li>\n<li><b>2000<\/b>\u00a0\u00ab Secteurs sauvegard\u00e9s : l\u2019alternative de la falsification ou du statu quo \u00bb,\u00a0<i>AMC Moniteur<\/i>, n\u00b0 111, novembre 2000, p. 84-89<\/li>\n<li><b>2000\u00a0<\/b>\u00ab Fortune d\u2019une utopie : typologies compar\u00e9es de l\u2019habitat parisien et versaillais (1671-1789) \u00bb, actes du s\u00e9minaire international des 29 et 30 mars : \u00ab Versailles-Saint-Petersbourg, des villes modernes aux villes classiques \u00bb, mus\u00e9e d\u2019Etat de l\u2019Ermitage, Saint-P\u00e9tersbourg, Russie<\/li>\n<li><b>2001<\/b>\u00a0\u00ab Extension de l\u2019Ecole d\u2019Architecture de Versailles : reconversion de b\u00e2timents class\u00e9s \u00bb,\u00a0<i>AMC Moniteur<\/i>, n\u00b0 113, f\u00e9vrier 2001, p. 26-28<\/li>\n<li><b>2001<\/b>\u00a0\u00ab Infortunes de l\u2019art de la distribution : le cas de l\u2019h\u00f4tel de Belle-Isle \u00bb, in<i>\u00a0L\u2019art et les normes sociales<\/i>, actes du s\u00e9minaire international \u00ab Kunst und soziale Normen im 18. Jahrhundert \u00bb des 26 et 27 f\u00e9vrier 1999, sous la direction de T.W. Gaehtgens, p. 79-99<\/li>\n<li><b>2001<\/b>\u00a0\u00ab Le nouvel h\u00f4tel de la Vaupali\u00e8re : la r\u00e9habilitation d\u2019un \u00e9difice d\u00e9chu \u00bb,\u00a0<i>AMC Moniteur<\/i>, n\u00b0 116, mai 2001, p. 32-34<\/li>\n<li><b>2002<\/b>\u00a0\u00ab Comment le logement est-il devenu savant \u00bb in\u00a0<i>Identification d\u2019une ville<\/i>, ouvrage publi\u00e9 \u00e0 l\u2019occasion de l\u2019exposition pr\u00e9sent\u00e9e au pavillon de l\u2019Arsenal : Architectures de Paris, sous la direction d\u2019Eric Lapierre, Paris, mars 2002, p. 16-37<\/li>\n<li><b>2003<\/b>\u00a0\u00ab La maison \u00e0 Paris \u00e0 la fin de l\u2019Ancien R\u00e9gime : avatars et m\u00e9tamorphoses \u00bb in\u00a0<i>Une maison \u00e0 Paris<\/i>, ouvrage collectif publi\u00e9 sous la direction de L. Baboulet \u00e0 l\u2019occasion de l\u2019exposition pr\u00e9sent\u00e9e au Pavillon de l\u2019Arsenal en d\u00e9cembre 2003<\/li>\n<li><b>2004<\/b>\u00a0\u00ab Reconversion de l\u2019h\u00f4tel de Beauvais \u00bb,\u00a0<i>AMC Moniteur<\/i>, n\u00b0 144, juin-juillet 2004, p. 60-67.<\/li>\n<li><b>2004\u00a0<\/b><i>La conqu\u00eate du plain-pied ; l\u2019immeuble \u00e0 Paris au XVIII\u00e8me si\u00e8cle<\/i>, 312 p., 550 ill., \u00e9ditions Picard, d\u00e9cembre 2004.<\/li>\n<li><b>2005<\/b>\u00a0\u00ab Limites et al\u00e9as du retour vers le pass\u00e9 \u00bb,\u00a0<i>AMC Moniteur<\/i>, n\u00b0 154, septembre 2005, p. 36-41.<\/li>\n<li><b>2006<\/b>\u00a0\u00ab Atelier Multiple \u00e0 Bruy\u00e8re sur Oise\u00bb,\u00a0<i>AMC Moniteur<\/i>, n\u00b0 161, mai 2006, p. 86-90.<\/li>\n<li><b>2006\u00a0<\/b>\u00ab Les historiens bafou\u00e9s par les institutions \u00bb,\u00a0<i>AMC Moniteur<\/i>, n\u00b0 161, mai 2006, p. 60.<\/li>\n<li><b>2006<\/b>\u00a0\u00ab Les coulisses de la ville des Lumi\u00e8res \u00bb in\u00a0<i>Voies publiques<\/i>, ouvrage collectif publi\u00e9 sous la direction de Simon Texier \u00e0 l\u2019occasion de l\u2019exposition pr\u00e9sent\u00e9e au pavillon de l\u2019Arsenal, p. 45-55.<\/li>\n<li><b>2006<\/b>\u00a0\u00ab Versailles : restaurateurs, m\u00e9c\u00e8nes et pharisiens \u00bb,\u00a0<i>AMC Moniteur<\/i>, n\u00b0162, juin- juillet 2006, p. 20.<\/li>\n<li><b>2006<\/b>\u00a0\u00ab Les incidences du plan pentagonal \u00bb\u00a0<i>AMC Moniteur<\/i>, n\u00b0162, juin-juillet 2006, p. 46.<\/li>\n<li><b>2006<\/b>\u00a0\u00ab Un jardin autour de vestiges \u00bb,\u00a0<i>AMC Moniteur<\/i>, n\u00b0162, juin-juillet 2006, p. 94-97.<\/li>\n<li><b>2006<\/b>\u00a0\u00ab Patrimoine, promotion et histoire \u00bb,\u00a0<i>AMC Moniteur<\/i>, n\u00b0163, septembre 2006, p. 31-32.<\/li>\n<li><b>2007<\/b>\u00a0\u00ab D\u00e9tournements, rapi\u00e9\u00e7ages et invention architecturale \u00e0 Paris sous l\u2019Ancien R\u00e9gime \u00bb,\u00a0<i>Paris Patrimoine<\/i>, Commission du Vieux Paris, n\u00b0 3, janvier 2007.<\/li>\n<li><b>2007\u00a0<\/b>\u00ab Bruy\u00e8res-sur-Oise : r\u00e9habilitation de la ferme municipale \u00bb,\u00a0<i>AMC Moniteur<\/i>, n\u00b0 166, num\u00e9ro sp\u00e9cial, janvier 2007, p.120-121.<\/li>\n<li><b>2007<\/b>\u00a0\u00ab Le Corbusier et la Maison blanche \u00bb,\u00a0<i>AMC Moniteur<\/i>, n\u00b0 169, avril 2007, p. 64.<\/li>\n<li><b>2007<\/b>\u00a0\u00ab Nyon, Suisse, r\u00e9habilitation du ch\u00e2teau \u00bb,\u00a0<i>AMC Moniteur<\/i>, n\u00b0 170, mai 2007, p. 86-91.<\/li>\n<li><b>2007<\/b>\u00a0\u00ab R\u00e9habilitation de la forteresse royale \u00e0 Chinon \u00bb,\u00a0<i>AMC Moniteur<\/i>, n\u00b0 171, juin-juillet 2007, p. 110-114.<\/li>\n<li><b>2007<\/b>\u00a0\u00ab Requalification du centre historique de B\u00e9n\u00e9vent \u00bb,\u00a0<i>AMC Moniteur<\/i>, n\u00b0 172, octobre 2007, p. 116-119.<\/li>\n<li><b>2007<\/b>\u00a0\u00ab Parc arch\u00e9ologique et botanique de Solutr\u00e9 \u00bb,\u00a0<i>AMC Moniteur<\/i>, n\u00b0 174, novembre 2007, p. 107-111.<\/li>\n<li><b>2007<\/b>\u00a0\u00ab Reconversion du pavillon Carr\u00e9 de Baudouin \u00bb,\u00a0<i>AMC Moniteur<\/i>, num\u00e9ro sp\u00e9cial am\u00e9nagements int\u00e9rieurs, d\u00e9c. 2007, p. 98-100.<\/li>\n<li><b>2007<\/b>\u00a0\u00ab R\u00e9habilitation de l\u2019a\u00e9rogare d\u2019Orly-Ouest \u00bb,\u00a0<i>AMC Moniteur<\/i>, num\u00e9ro sp\u00e9cial am\u00e9nagements int\u00e9rieurs, d\u00e9c. 2007, p. 101-103.<\/li>\n<li><b>2008<\/b>\u00a0\u00ab Espace de musique et de danse \u00e0 Cluny \u00bb,\u00a0<i>AMC Moniteur<\/i>, n\u00b0 177, mars 2008, p. 52-57.<\/li>\n<li><b>2008\u00a0<\/b>\u00ab Maulnes, un ch\u00e2teau exp\u00e9rimental \u00bb,\u00a0<i>AMC Moniteur<\/i>, n\u00b0 177, mars 2008, p. 82-90.<\/li>\n<li><b>2008<\/b>\u00a0\u00ab Pleins feux sur les communs \u00bb,\u00a0<i>AMC Moniteur<\/i>, n\u00b0 178, avril 2008, p. 77.<\/li>\n<li><b>2008<\/b>\u00a0\u00abMus\u00e9e eucharistique du Hi\u00e9ron \u00bb,\u00a0<i>AMC Moniteur<\/i>, n\u00b0 178, avril 2008, p. 97-100.<\/li>\n<li><b>2008<\/b>\u00a0\u00abInstantan\u00e9 sur une chambre \u00e0 coucher aristocratique \u00bb,\u00a0<i>AMC Moniteur,<\/i>\u00a0n\u00b0 178, avril 2008, p. 156.<\/li>\n<li><b>2008<\/b>\u00a0\u00ab In\u00e9dit, Le Corbusier, un piano de style \u00bb,\u00a0<i>AMC Moniteur<\/i>, n\u00b0 179, mai 2008, p. 80-81.<\/li>\n<li><b>2008<\/b>\u00a0\u00ab Versailles : la reconqu\u00eate du public \u00bb,\u00a0<i>AMC Moniteur<\/i>, n\u00b0 180, juin-juillet 2008, p. 53-56.<\/li>\n<li><b>2008<\/b>\u00a0\u00ab Le retard fran\u00e7ais \u00bb,\u00a0<i>AMC Moniteur<\/i>, n\u00b0 183, novembre 2008, p. 46-48.<\/li>\n<li><b>2009<\/b>\u00a0\u00ab L\u2019affaire Lambert \u00bb,\u00a0<i>AMC Moniteur<\/i>, n\u00b0 185, f\u00e9vrier 2009, p. 80-87.<\/li>\n<li><b>2009\u00a0<\/b>\u00ab Chambord, un ch\u00e2teau posthume \u00bb,\u00a0<i>AMC Moniteur<\/i>, n\u00b0 188, mai 2009, p. 124-130.<\/li>\n<li><b>2009<\/b>\u00a0Interview de Mich\u00e8le Morgan , le 13 mai :\u00a0<i>Le scandale de l\u2019h\u00f4tel Lambert : Mich\u00e8le Morgan prend la parole<\/i>, sur\u00a0<a href=\"http:\/\/www.prestigium.com\/news\/culture\/michele-morgan-evoque-ses-annees-a-l-hotel-lambert-et-ses-craintes-sur-la-restauration-du-batiment-591\/\" target=\"_blank\" rel=\"noopener\">http:\/\/www.prestigium.com\/news\/culture\/michele-morgan-evoque-ses-annees-a-l-hotel-lambert-et-ses-craintes-sur-la-restauration-du-batiment-591\/<\/a>, juin 2009.<\/li>\n<li><b>2009<\/b>\u00a0\u00ab R\u00e9habilitation de la Cartoucherie, Bourg-l\u00e8s-Valence,\u00a0<i>AMC Moniteur<\/i>, n\u00b0 190, septembre 2009, p. 81-89.<\/li>\n<li><b>2010<\/b>\u00a0\u00ab Sept maisons group\u00e9es \u00e0 Villejuif \u00bb,\u00a0<i>AMC Moniteur<\/i>, n\u00b0 197, mai 2010, p. 54-59.<\/li>\n<li><b>2010\u00a0<\/b>\u00ab La BnF Richelieu en questions \u00bb,<b>\u00a0<\/b><i>AMC Moniteur<\/i>, n\u00b0 198, juin-juillet 2010, p. 9.<b><\/b><\/li>\n<li><b>2010<\/b>\u00a0\u00ab Faux in Criticat \u00bb,\u00a0<i>AMC Moniteur<\/i>, n\u00b0 198, juin-juillet 2010, p. 30-32.<\/li>\n<li><b>2011<\/b>\u00a0\u00ab Extension-reconstruction de l\u2019h\u00f4pital Rothschild, Paris XII<sup>e<\/sup>\u00a0\u00bb,\u00a0<i>d\u2019A<\/i>, f\u00e9vrier 2011, p. 60-65.<\/li>\n<li><b>2011<\/b>\u00a0\u00ab La Marine sous b\u00e9n\u00e9fice d\u2019inventaire \u00bb,\u00a0<i>AMC Moniteur<\/i>, n\u00b0 203, f\u00e9vrier 2011, p. 28-29.<\/li>\n<li><b>2011<\/b>\u00a0\u00ab Les Tuileries : arch\u00e9ologie d\u2019un palais \u00bb,\u00a0<i>AMC Moniteur<\/i>, n\u00b0 207, juin-juillet 2011, p. 28.<\/li>\n<li><b>2011<\/b>\u00a0\u00ab Sanaa \u00e0 la Samaritaine\u00bb,\u00a0<i>AMC Moniteur<\/i>, n\u00b0 207, juin-juillet 2011, p. 44.<\/li>\n<li><b>2011<\/b>\u00a0\u00ab La Samaritaine : un palimpseste urbain \u00bb,\u00a0<i>AMC Moniteur,<\/i>\u00a0n\u00b0 209, octobre 2011, p. 101-110.<\/li>\n<li><b>2011<\/b>\u00a0\u00ab La halle Freyssinet amput\u00e9e ? \u00bb,\u00a0<i>AMC Moniteur<\/i>, n\u00b0 210, novembre 2011.<\/li>\n<li><b>2012<\/b>\u00a0Interview sur le Forum des Halles pour le J.T. de 13h00 sur France 2 du dimanche xx janvier 2012<b><\/b><\/li>\n<li><b>2012<\/b>\u00a0Notice introductive au\u00a0<i>Cours<\/i>\u00a0de d\u2019Aviler, site internet : \u00ab Les livres d\u2019architecture, manuscrits et imprim\u00e9s publi\u00e9s en France, \u00e9crits ou traduits en fran\u00e7ais (XVI<sup>e<\/sup>\u00a0si\u00e8cle \u2013 XVII<sup>e<\/sup>\u00a0si\u00e8cle) \u00bb sous la direction Fr\u00e9d\u00e9rique Lemerle et Yves pauwels :\u00a0<a href=\"http:\/\/architectura.cesr.univ-tours.fr\/traite\/Notice\/ENSBA_LES223.asp?param=\" target=\"_blank\" rel=\"noopener\">architectura.cesr.univ-tours.fr#2DCD19<\/a>\u00a0; mise en ligne f\u00e9vrier 2012<\/li>\n<li><b>2012<\/b>\u00a0Interview du vendredi 17 f\u00e9vrier sur la restauration de l\u2019h\u00f4tel Lambert pour l\u2019\u00e9mission \u00ab Envoy\u00e9 sp\u00e9cial \u00bb de France 2 (diffusion avril 2012)<\/li>\n<li><b>2012<\/b>\u00a0\u00ab Versailles, le grand commun et l\u2019esquive architecturale \u00bb,\u00a0<i>d\u2019Architectures<\/i>, mars 2012, p. 67-85.<\/li>\n<li><b>2012<\/b>\u00a0\u00ab L\u2019 Aquila, ville reconstruite mais abandonn\u00e9e \u00bb,\u00a0<i>AMC Moniteur<\/i>, n\u00b0 217, septembre 2012, p. 14-17.<\/li>\n<li><b>2012<\/b>\u00a0\u00ab La transformation de la Samaritaine ou l\u2019actualit\u00e9 des processus de reconversion, au travers des dessins de Jourdain, de Sauvage et de Sanaa (1904-2011) \u00bb, in\u00a0<i>Citt\u00e0 storiche Citt\u00e0 contempranee ; strategie di intervento per la regenerazione della citt\u00e0 in Europa<\/i>, sous la dir de Riccardo Florio, Naples, 2012, p. 45-62<\/li>\n<li><b>2012<\/b>\u00a0\u00ab Le passage du D\u00e9sir, 10<sup>e<\/sup>\u00a0arrt : pour que dure le plaisir \u00bb,\u00a0<i>Bulletin de l\u2019association pour la Sauvegarde et la Mise en valeur du Paris historique<\/i>, n\u00b0 106, 2<sup>e<\/sup>\u00a0semestre 2012. p. 3-5<\/li>\n<li><b>2013<\/b>\u00a0\u00ab Fontainebleau : plaidoyer pour la halle Esquillan \u00bb, in Archiscopie, n\u00b0 120, mars 2013<b><\/b><\/li>\n<li><b>2014\u00a0<\/b>\u00ab La Samaritaine n\u2019est pas qu\u2019une fa\u00e7ade \u00bb, AMC Moniteur, n\u00b0 234, juin-juillet 2014, tribune, p. 26<b><\/b><\/li>\n<li><b>2014\u00a0<\/b>\u00ab Restauration du temple cath\u00e9drale de Pozzuoli ; \u00e9loge du palimpseste \u00bb, avec R. Florio,\u00a0<i>AMC Moniteur<\/i>, n\u00b0 237, nov., p. 14-16<\/li>\n<li><b>2014<\/b>\u00a0\u00ab Viollet-le-Duc pour tous publics ? \u00bb,\u00a0<i>d\u2019Architectures<\/i>, n\u00b0 232, d\u00e9cembre 2014, p. 30-32<\/li>\n<li><b>2015<\/b>\u00a0<i>La Samaritaine, Paris,\u00a0<\/i>ouvrage coll., ss la dir. de J.-Fr. Cabestan et H. Lempereur, \u00e9ditions Picard, mai 2015.<\/li>\n<li><b>2015<\/b>\u00a0\u00ab La r\u00e9surrection de (Saint-)Lazare \u00bb,\u00a0<i>d\u2019Architectures<\/i>, juillet-ao\u00fbt 2015, n\u00b0 237, p. 80-86.<\/li>\n<li><b>2015\u00a0<\/b>\u00ab Une halle aux archives \u00bb,\u00a0<i>d\u2019Architectures<\/i>, n\u00b0 238, septembre 2015, p. 67 \u00e0 72.<\/li>\n<li><b>2015<\/b>\u00a0\u00ab Craintes et incertitudes sur le devenir du Mus\u00e9e des Arts et Traditions Populaires \u00bb,\u00a0<i>AMC Moniteur<\/i>, n\u00b0246, nov, p. 24 et 25.<\/li>\n<li><b>2015<\/b>\u00a0\u00ab L\u2019appartement d\u2019Auguste Comte ou la conqu\u00eate du plain-pied \u00bb, in\u00a0<i>Bulletin de la Maison d\u2019Auguste Comte<\/i>, n\u00b0 15, d\u00e9c. 2015, p. 21-25.<\/li>\n<li><b>2016<\/b>\u00a0\u00ab La r\u00e9surrection de Saint-Lazare, chronique d\u2019une prison chang\u00e9e en m\u00e9diath\u00e8que \u00bb, ouvrage coll.\u00a0<i>Nouvelles recherches historiques sur le Xe arrt<\/i>, Ville de Paris, ss la dir. de Fr\u00e9d\u00e9ric Jimeno. (\u00e0 para\u00eetre en nov. 2017)<\/li>\n<li><b>2017\u00a0<\/b>\u00ab G\u00e9n\u00e9ralisation du plain-pied \u00e0 Paris dans le quartier de l\u2019Od\u00e9on au d\u00e9but du XIXe si\u00e8cle : le cas de l\u2019appartement d\u2019Auguste Comte \u00bb,\u00a0<i>M\u00e9langes offerts \u00e0 Daniel Rabreau<\/i>, ss la dir. de Janine Barrier et Josiane Sartre, \u00e9d. William Blake &amp; Co, p. 55-60.<\/li>\n<li><b>2017<\/b>\u00a0\u00ab Tempo, Spazio Utopia al centro di Parigi e Tokyo : La riqualificazione del mercato di Les Halles e di quello ittico di Tsukiji \u00bb in\u00a0<i>Sewing a Small Town<\/i>, Torino, ss la dir. de Alberto Bologna, Politecnico di Torino.<\/li>\n<li><b>2017<\/b>\u00a0\u00ab L\u2019\u00e9cole Saint-Merri en chantier \u00bb site web de la revue\u00a0<i>d\u2019Architectures<\/i>.<\/li>\n<li><b>2017<\/b>\u00a0\u00ab L\u2019\u00e9cole Saint-Merri en chantier \u00bb site web de la revue\u00a0<i>AMC Moniteur<\/i>.<\/li>\n<li><b>2017<\/b>\u00a0\u00ab Derri\u00e8re Beaubourg, la r\u00e9habilitation de l\u2019\u00e9cole Saint-Merri construite en 1974 fait pol\u00e9mique \u00bb, in\u00a0<i>AMC Moniteur<\/i>, n\u00b0 263, octobre 2017.<\/li>\n<li><b>2017<\/b>\u00a0\u00ab La Monnaie, de l\u2019h\u00f4tel \u00e0 l\u2019\u00e9tablissement public \u00bb, in\u00a0<i>d\u2019Architectures<\/i>, n\u00b0 258, novembre 2017.<\/li>\n<\/ul>\n","protected":false},"excerpt":{"rendered":"<p>1995\u00a0\u00ab L\u2019invenzione e la costituzione della casa di appartamenti a Parigi sotto il regno di Luigi XVI\u201d, actes du \u201cConvegno internazionale : il progetto nello spazio della memoria, segni, idee e potenzialit\u00e0 \u00bb,\u00a0Universit\u00e0 Federico II di Napoli, 27 et 28 octobre 1995, p. 151-162 1997\u00a0\u00ab La naissance de l\u2019immeuble d\u2019appartements \u00e0 Paris sous le r\u00e8gne [&hellip;]<\/p>\n","protected":false},"author":2,"featured_media":901,"comment_status":"closed","ping_status":"open","sticky":false,"template":"","format":"standard","meta":[],"categories":[22],"tags":[],"_links":{"self":[{"href":"https:\/\/www.jeanfrancoiscabestan.com\/archicab\/wp-json\/wp\/v2\/posts\/680"}],"collection":[{"href":"https:\/\/www.jeanfrancoiscabestan.com\/archicab\/wp-json\/wp\/v2\/posts"}],"about":[{"href":"https:\/\/www.jeanfrancoiscabestan.com\/archicab\/wp-json\/wp\/v2\/types\/post"}],"author":[{"embeddable":true,"href":"https:\/\/www.jeanfrancoiscabestan.com\/archicab\/wp-json\/wp\/v2\/users\/2"}],"replies":[{"embeddable":true,"href":"https:\/\/www.jeanfrancoiscabestan.com\/archicab\/wp-json\/wp\/v2\/comments?post=680"}],"version-history":[{"count":2,"href":"https:\/\/www.jeanfrancoiscabestan.com\/archicab\/wp-json\/wp\/v2\/posts\/680\/revisions"}],"predecessor-version":[{"id":1065,"href":"https:\/\/www.jeanfrancoiscabestan.com\/archicab\/wp-json\/wp\/v2\/posts\/680\/revisions\/1065"}],"wp:featuredmedia":[{"embeddable":true,"href":"https:\/\/www.jeanfrancoiscabestan.com\/archicab\/wp-json\/wp\/v2\/media\/901"}],"wp:attachment":[{"href":"https:\/\/www.jeanfrancoiscabestan.com\/archicab\/wp-json\/wp\/v2\/media?parent=680"}],"wp:term":[{"taxonomy":"category","embeddable":true,"href":"https:\/\/www.jeanfrancoiscabestan.com\/archicab\/wp-json\/wp\/v2\/categories?post=680"},{"taxonomy":"post_tag","embeddable":true,"href":"https:\/\/www.jeanfrancoiscabestan.com\/archicab\/wp-json\/wp\/v2\/tags?post=680"}],"curies":[{"name":"wp","href":"https:\/\/api.w.org\/{rel}","templated":true}]}}