{"id":548,"date":"2017-04-24T00:00:25","date_gmt":"2017-04-23T22:00:25","guid":{"rendered":"https:\/\/www.jeanfrancoiscabestan.com\/archicab\/?p=548"},"modified":"2021-07-17T14:18:07","modified_gmt":"2021-07-17T12:18:07","slug":"tourisme-culturel-et-detournements-patrimoniaux","status":"publish","type":"post","link":"https:\/\/www.jeanfrancoiscabestan.com\/archicab\/causes-patrimoniales\/2017\/04\/24\/tourisme-culturel-et-detournements-patrimoniaux\/","title":{"rendered":"Tourisme culturel et d\u00e9tournements patrimoniaux"},"content":{"rendered":"<h1>Journ\u00e9es d&rsquo;\u00e9tude des 24 et 25 avril 2017<\/h1>\n<blockquote><p>Les 24 et 25 avril 2017<br \/>\n\u00e0 l&rsquo;INHA (Institut National d&rsquo;Histoire de l&rsquo;Art)<br \/>\n2, rue Vivienne, 75002 Paris<br \/>\nsalle Vasari, 1er \u00e9tage<br \/>\net l\u2019ENSA de Paris-La Villette<br \/>\n144, rue de Flandres, 75019 Paris<br \/>\namphi 7<\/p><\/blockquote>\n<ul>\n<li><a href=\"https:\/\/www.jeanfrancoiscabestan.com\/archicab\/wp-content\/uploads\/tourisme-culturel-et-detournements-patrimoniaux\/p1_note_intention.pdf\" target=\"_blank\" rel=\"noopener\">Note d\u2019intention<\/a> (pdf)<\/li>\n<li><a href=\"https:\/\/www.jeanfrancoiscabestan.com\/archicab\/wp-content\/uploads\/tourisme-culturel-et-detournements-patrimoniaux\/p2_programme.pdf\" target=\"_blank\" rel=\"noopener\">Programme des journ\u00e9es d&rsquo;\u00e9tude<\/a> (pdf)<\/li>\n<\/ul>\n<h1>Pi\u00e8ces \u00e0 conviction<\/h1>\n<ul>\n<li><a href=\"https:\/\/www.jeanfrancoiscabestan.com\/archicab\/wp-content\/uploads\/tourisme-culturel-et-detournements-patrimoniaux\/p7_bastoen_reconstruction_identique_allemagne.pdf\" target=\"_blank\" rel=\"noopener\">Julien Bastoen, \u00ab \u00ab\u00a0Ceci n\u2019est pas un ch\u00e2teau.\u00a0\u00bb \u2028La banalisation de l\u2019architecture trompe-l\u2019\u0153il en Allemagne \u00bb, in <em>Archiscopie<\/em>, n\u00b05, janvier 2016, p. 4-10.<\/a> (pdf)<\/li>\n<li><a href=\"https:\/\/www.jeanfrancoiscabestan.com\/archicab\/wp-content\/uploads\/tourisme-culturel-et-detournements-patrimoniaux\/p5_jf_cabestan_versailles.pdf\" target=\"_blank\" rel=\"noopener\">Jean-Fran\u00e7ois Cabestan, \u00ab Ch\u00e2teau de Versailles, la reconqu\u00eate du public \u00bb, <em>AMC Moniteur<\/em>, n\u00b0180, juin-juillet 2008, p. 53-56.<\/a> (pdf)<\/li>\n<li><a href=\"https:\/\/www.jeanfrancoiscabestan.com\/archicab\/wp-content\/uploads\/tourisme-culturel-et-detournements-patrimoniaux\/p6_jf_cabestan_retard.pdf\" target=\"_blank\" rel=\"noopener\">Jean-Fran\u00e7ois Cabestan, \u00ab Le retard fran\u00e7ais \u00bb, in <em>AMC Moniteur<\/em>, n\u00b0183, novembre 2008, p. 46-48.<\/a> (pdf)<\/li>\n<li><a href=\"https:\/\/www.jeanfrancoiscabestan.com\/archicab\/wp-content\/uploads\/tourisme-culturel-et-detournements-patrimoniaux\/p8_chabard_metropol.pdf\" target=\"_blank\" rel=\"noopener\">Pierre Chabard, \u00ab M\u00e9tropol Parasol, une ombre sur la ville \u00bb, in <em>Criticat<\/em>, n\u00b0 9, mars 2012, p. 4-23.<\/a> (pdf)<\/li>\n<\/ul>\n","protected":false},"excerpt":{"rendered":"<p>Journ\u00e9es d&rsquo;\u00e9tude des 24 et 25 avril 2017 Les 24 et 25 avril 2017 \u00e0 l&rsquo;INHA (Institut National d&rsquo;Histoire de l&rsquo;Art) 2, rue Vivienne, 75002 Paris salle Vasari, 1er \u00e9tage et l\u2019ENSA de Paris-La Villette 144, rue de Flandres, 75019 Paris amphi 7 Note d\u2019intention (pdf) Programme des journ\u00e9es d&rsquo;\u00e9tude (pdf) Pi\u00e8ces \u00e0 conviction Julien [&hellip;]<\/p>\n","protected":false},"author":2,"featured_media":911,"comment_status":"closed","ping_status":"open","sticky":false,"template":"","format":"standard","meta":[],"categories":[2],"tags":[],"_links":{"self":[{"href":"https:\/\/www.jeanfrancoiscabestan.com\/archicab\/wp-json\/wp\/v2\/posts\/548"}],"collection":[{"href":"https:\/\/www.jeanfrancoiscabestan.com\/archicab\/wp-json\/wp\/v2\/posts"}],"about":[{"href":"https:\/\/www.jeanfrancoiscabestan.com\/archicab\/wp-json\/wp\/v2\/types\/post"}],"author":[{"embeddable":true,"href":"https:\/\/www.jeanfrancoiscabestan.com\/archicab\/wp-json\/wp\/v2\/users\/2"}],"replies":[{"embeddable":true,"href":"https:\/\/www.jeanfrancoiscabestan.com\/archicab\/wp-json\/wp\/v2\/comments?post=548"}],"version-history":[{"count":4,"href":"https:\/\/www.jeanfrancoiscabestan.com\/archicab\/wp-json\/wp\/v2\/posts\/548\/revisions"}],"predecessor-version":[{"id":828,"href":"https:\/\/www.jeanfrancoiscabestan.com\/archicab\/wp-json\/wp\/v2\/posts\/548\/revisions\/828"}],"wp:featuredmedia":[{"embeddable":true,"href":"https:\/\/www.jeanfrancoiscabestan.com\/archicab\/wp-json\/wp\/v2\/media\/911"}],"wp:attachment":[{"href":"https:\/\/www.jeanfrancoiscabestan.com\/archicab\/wp-json\/wp\/v2\/media?parent=548"}],"wp:term":[{"taxonomy":"category","embeddable":true,"href":"https:\/\/www.jeanfrancoiscabestan.com\/archicab\/wp-json\/wp\/v2\/categories?post=548"},{"taxonomy":"post_tag","embeddable":true,"href":"https:\/\/www.jeanfrancoiscabestan.com\/archicab\/wp-json\/wp\/v2\/tags?post=548"}],"curies":[{"name":"wp","href":"https:\/\/api.w.org\/{rel}","templated":true}]}}