{"id":527,"date":"2010-07-05T00:00:27","date_gmt":"2010-07-04T22:00:27","guid":{"rendered":"https:\/\/www.jeanfrancoiscabestan.com\/archicab\/?p=527"},"modified":"2021-07-14T14:22:53","modified_gmt":"2021-07-14T12:22:53","slug":"la-reconversion-de-la-bnf-richelieu","status":"publish","type":"post","link":"https:\/\/www.jeanfrancoiscabestan.com\/archicab\/causes-patrimoniales\/2010\/07\/05\/la-reconversion-de-la-bnf-richelieu\/","title":{"rendered":"La reconversion de la BNF Richelieu"},"content":{"rendered":"<h1>Articles et Compte-rendus<\/h1>\n<ul>\n<li><a href=\"https:\/\/www.jeanfrancoiscabestan.com\/archicab\/wp-content\/uploads\/reconversion-de-la-bnf-richelieu\/reconversionbnf.pdf\" target=\"_blank\" rel=\"noopener\">AMC Moniteur juin-juillet 2010<\/a> (pdf)<\/li>\n<li><a href=\"https:\/\/www.jeanfrancoiscabestan.com\/archicab\/wp-content\/uploads\/reconversion-de-la-bnf-richelieu\/parisien05072010.pdf\" target=\"_blank\" rel=\"noopener\">Le Parisien 5 juillet 2010<\/a> (pdf)<\/li>\n<li><a href=\"https:\/\/www.jeanfrancoiscabestan.com\/archicab\/wp-content\/uploads\/reconversion-de-la-bnf-richelieu\/cvp03062009.pdf\" target=\"_blank\" rel=\"noopener\">Compte rendu de la s\u00e9ance de la Commission du Vieux Paris du 3 juin 2009<\/a> (pdf)<\/li>\n<li><a href=\"https:\/\/www.jeanfrancoiscabestan.com\/archicab\/wp-content\/uploads\/reconversion-de-la-bnf-richelieu\/faz12012010.pdf\" target=\"_blank\" rel=\"noopener\">La f.a.z. du 12 Janvier 2010<\/a> (pdf)<\/li>\n<\/ul>\n<h1>Journ\u00e9es d&rsquo;\u00e9tude des 5 &amp; 6 Juillet 2010<\/h1>\n<ul>\n<li><a href=\"https:\/\/www.jeanfrancoiscabestan.com\/archicab\/wp-content\/uploads\/reconversion-de-la-bnf-richelieu\/bnf_30_juin_2012_flyer.pdf\" target=\"_blank\" rel=\"noopener\">Programme<\/a> (pdf)<\/li>\n<\/ul>\n<h2>Communications r\u00e9dig\u00e9es<\/h2>\n<ul>\n<li><a href=\"https:\/\/www.jeanfrancoiscabestan.com\/archicab\/wp-content\/uploads\/reconversion-de-la-bnf-richelieu\/mathildeavisseau.pdf\" target=\"_blank\" rel=\"noopener\">Mathilde Avisseau-Broustet et In\u00e8s Villela-Petit<\/a> (pdf)<\/li>\n<li><a href=\"https:\/\/www.jeanfrancoiscabestan.com\/archicab\/wp-content\/uploads\/reconversion-de-la-bnf-richelieu\/sabinefrommel.pdf\" target=\"_blank\" rel=\"noopener\">Sabine Frommel<\/a> (pdf)<\/li>\n<li><a href=\"https:\/\/www.jeanfrancoiscabestan.com\/archicab\/wp-content\/uploads\/reconversion-de-la-bnf-richelieu\/jeanmichelleniaud.pdf\">Jean Michel Leniaud<\/a> (pdf)<\/li>\n<li><a href=\"https:\/\/www.jeanfrancoiscabestan.com\/archicab\/wp-content\/uploads\/reconversion-de-la-bnf-richelieu\/neillevine.pdf\" target=\"_blank\" rel=\"noopener\">Neil Levine<\/a> (pdf)<\/li>\n<li><a href=\"https:\/\/www.jeanfrancoiscabestan.com\/archicab\/wp-content\/uploads\/reconversion-de-la-bnf-richelieu\/nicolasmichelin.pdf\" target=\"_blank\" rel=\"noopener\">Nicolas Michelin<\/a> (pdf)<\/li>\n<li><a href=\"https:\/\/www.jeanfrancoiscabestan.com\/archicab\/wp-content\/uploads\/reconversion-de-la-bnf-richelieu\/brunoreichlin.pdf\" target=\"_blank\" rel=\"noopener\">Bruno Reichlin<\/a> (pdf)<\/li>\n<li><a href=\"https:\/\/www.jeanfrancoiscabestan.com\/archicab\/wp-content\/uploads\/reconversion-de-la-bnf-richelieu\/arbazire.pdf\" target=\"_blank\" rel=\"noopener\">Anne Richard-Bazire<\/a> (pdf)<\/li>\n<li><a href=\"https:\/\/www.jeanfrancoiscabestan.com\/archicab\/wp-content\/uploads\/reconversion-de-la-bnf-richelieu\/jeanpaulrobert.pdf\" target=\"_blank\" rel=\"noopener\">Jean-Paul Robert<\/a> (pdf)<\/li>\n<li><a href=\"https:\/\/www.jeanfrancoiscabestan.com\/archicab\/wp-content\/uploads\/reconversion-de-la-bnf-richelieu\/davidvanzanten.pdf\" target=\"_blank\" rel=\"noopener\">David Van Zanten<\/a> (pdf)<\/li>\n<\/ul>\n","protected":false},"excerpt":{"rendered":"<p>Articles et Compte-rendus AMC Moniteur juin-juillet 2010 (pdf) Le Parisien 5 juillet 2010 (pdf) Compte rendu de la s\u00e9ance de la Commission du Vieux Paris du 3 juin 2009 (pdf) La f.a.z. du 12 Janvier 2010 (pdf) Journ\u00e9es d&rsquo;\u00e9tude des 5 &amp; 6 Juillet 2010 Programme (pdf) Communications r\u00e9dig\u00e9es Mathilde Avisseau-Broustet et In\u00e8s Villela-Petit (pdf) [&hellip;]<\/p>\n","protected":false},"author":2,"featured_media":896,"comment_status":"closed","ping_status":"open","sticky":false,"template":"","format":"standard","meta":[],"categories":[2],"tags":[],"_links":{"self":[{"href":"https:\/\/www.jeanfrancoiscabestan.com\/archicab\/wp-json\/wp\/v2\/posts\/527"}],"collection":[{"href":"https:\/\/www.jeanfrancoiscabestan.com\/archicab\/wp-json\/wp\/v2\/posts"}],"about":[{"href":"https:\/\/www.jeanfrancoiscabestan.com\/archicab\/wp-json\/wp\/v2\/types\/post"}],"author":[{"embeddable":true,"href":"https:\/\/www.jeanfrancoiscabestan.com\/archicab\/wp-json\/wp\/v2\/users\/2"}],"replies":[{"embeddable":true,"href":"https:\/\/www.jeanfrancoiscabestan.com\/archicab\/wp-json\/wp\/v2\/comments?post=527"}],"version-history":[{"count":1,"href":"https:\/\/www.jeanfrancoiscabestan.com\/archicab\/wp-json\/wp\/v2\/posts\/527\/revisions"}],"predecessor-version":[{"id":544,"href":"https:\/\/www.jeanfrancoiscabestan.com\/archicab\/wp-json\/wp\/v2\/posts\/527\/revisions\/544"}],"wp:featuredmedia":[{"embeddable":true,"href":"https:\/\/www.jeanfrancoiscabestan.com\/archicab\/wp-json\/wp\/v2\/media\/896"}],"wp:attachment":[{"href":"https:\/\/www.jeanfrancoiscabestan.com\/archicab\/wp-json\/wp\/v2\/media?parent=527"}],"wp:term":[{"taxonomy":"category","embeddable":true,"href":"https:\/\/www.jeanfrancoiscabestan.com\/archicab\/wp-json\/wp\/v2\/categories?post=527"},{"taxonomy":"post_tag","embeddable":true,"href":"https:\/\/www.jeanfrancoiscabestan.com\/archicab\/wp-json\/wp\/v2\/tags?post=527"}],"curies":[{"name":"wp","href":"https:\/\/api.w.org\/{rel}","templated":true}]}}