{"id":515,"date":"2017-05-20T00:01:19","date_gmt":"2017-05-19T22:01:19","guid":{"rendered":"https:\/\/www.jeanfrancoiscabestan.com\/archicab\/?p=515"},"modified":"2023-06-21T18:14:01","modified_gmt":"2023-06-21T16:14:01","slug":"compte-rendu-4","status":"publish","type":"post","link":"https:\/\/www.jeanfrancoiscabestan.com\/archicab\/causes-patrimoniales\/lecole-saint-merri-en-chantier\/2017\/05\/20\/compte-rendu-4\/","title":{"rendered":"Compte-rendu en vid\u00e9os"},"content":{"rendered":"\n<h1 class=\"wp-block-heading\">T\u00e9moignage des \u00ab\u00a0anciens\u00a0\u00bb<\/h1>\n\n\n\n<h2 class=\"wp-block-heading\">Jacques Lichnerowicz, programiste : \u00ab\u00a0P\u00e9dagogie, programmation et logique spatiale\u00a0\u00bb<\/h2>\n\n\n\n<figure class=\"wp-block-embed is-type-rich is-provider-prise-en-charge-des-contenus-embarques wp-block-embed-prise-en-charge-des-contenus-embarques wp-embed-aspect-16-9 wp-has-aspect-ratio\"><div class=\"wp-block-embed__wrapper\">\n<iframe loading=\"lazy\" title=\"T\u00e9moignage des &quot;anciens&quot; : Jacques Lichnerowicz, programiste\" width=\"1140\" height=\"641\" src=\"https:\/\/www.youtube.com\/embed\/Pm4Wxo7clu8?feature=oembed\" frameborder=\"0\" allow=\"accelerometer; autoplay; clipboard-write; encrypted-media; gyroscope; picture-in-picture; web-share\" allowfullscreen><\/iframe>\n<\/div><\/figure>\n\n\n\n<h2 class=\"wp-block-heading\">\u00c9douard-Marc Roux et Daniel Lombard, architectes : \u00ab\u00a0Concertation avec les usagers et spatialisation du programme\u00a0\u00bb<\/h2>\n\n\n\n<figure class=\"wp-block-embed is-type-rich is-provider-prise-en-charge-des-contenus-embarques wp-block-embed-prise-en-charge-des-contenus-embarques wp-embed-aspect-16-9 wp-has-aspect-ratio\"><div class=\"wp-block-embed__wrapper\">\n<iframe loading=\"lazy\" title=\"T\u00e9moignage des &quot;anciens&quot; : \u00c9douard-Marc Roux et Daniel Lombard, architectes :\" width=\"1140\" height=\"641\" src=\"https:\/\/www.youtube.com\/embed\/FSUuIh3y3zg?feature=oembed\" frameborder=\"0\" allow=\"accelerometer; autoplay; clipboard-write; encrypted-media; gyroscope; picture-in-picture; web-share\" allowfullscreen><\/iframe>\n<\/div><\/figure>\n\n\n\n<h2 class=\"wp-block-heading\">Alain Constantinidis, ing\u00e9nieur Bouygues : \u00ab\u00a0R\u00f4le de l&rsquo;entreprise et mise en \u0153uvre\u00a0\u00bb<\/h2>\n\n\n\n<figure class=\"wp-block-embed is-type-rich is-provider-prise-en-charge-des-contenus-embarques wp-block-embed-prise-en-charge-des-contenus-embarques wp-embed-aspect-16-9 wp-has-aspect-ratio\"><div class=\"wp-block-embed__wrapper\">\n<iframe loading=\"lazy\" title=\"T\u00e9moignage des &quot;anciens&quot; : Alain Constantinidis, ing\u00e9nieur Bouygues\" width=\"1140\" height=\"641\" src=\"https:\/\/www.youtube.com\/embed\/Sf7BOWTldhs?feature=oembed\" frameborder=\"0\" allow=\"accelerometer; autoplay; clipboard-write; encrypted-media; gyroscope; picture-in-picture; web-share\" allowfullscreen><\/iframe>\n<\/div><\/figure>\n\n\n\n<h2 class=\"wp-block-heading\">\u00c9velyne Zarka, adjointe au maire du 4e : \u00ab\u00a0Fonctionnement et al\u00e9as d&rsquo;un programme novateur\u00a0\u00bb<\/h2>\n\n\n\n<figure class=\"wp-block-embed is-type-rich is-provider-prise-en-charge-des-contenus-embarques wp-block-embed-prise-en-charge-des-contenus-embarques wp-embed-aspect-16-9 wp-has-aspect-ratio\"><div class=\"wp-block-embed__wrapper\">\n<iframe loading=\"lazy\" title=\"T\u00e9moignage des &quot;anciens&quot; : \u00c9velyne Zarka, adjointe au maire du 4e\" width=\"1140\" height=\"641\" src=\"https:\/\/www.youtube.com\/embed\/gInBoSGpfIw?feature=oembed\" frameborder=\"0\" allow=\"accelerometer; autoplay; clipboard-write; encrypted-media; gyroscope; picture-in-picture; web-share\" allowfullscreen><\/iframe>\n<\/div><\/figure>\n\n\n\n<h1 class=\"wp-block-heading\">Questions aux \u00ab\u00a0anciens\u00a0\u00bb<\/h1>\n\n\n\n<h2 class=\"wp-block-heading\">Richard Klein, Ensap de Lille, Lacth : \u00ab\u00a0Programme et expression architecturale\u00a0\u00bb<\/h2>\n\n\n\n<figure class=\"wp-block-embed is-type-rich is-provider-prise-en-charge-des-contenus-embarques wp-block-embed-prise-en-charge-des-contenus-embarques wp-embed-aspect-16-9 wp-has-aspect-ratio\"><div class=\"wp-block-embed__wrapper\">\n<iframe loading=\"lazy\" title=\"Questions aux &quot;anciens&quot; : Richard Klein, Ensap de Lille, Lacth\" width=\"1140\" height=\"641\" src=\"https:\/\/www.youtube.com\/embed\/KGlCouD65r8?feature=oembed\" frameborder=\"0\" allow=\"accelerometer; autoplay; clipboard-write; encrypted-media; gyroscope; picture-in-picture; web-share\" allowfullscreen><\/iframe>\n<\/div><\/figure>\n\n\n\n<h2 class=\"wp-block-heading\">Jean-Baptisite Minnaert, Paris-Sorbonne : \u00ab\u00a0Contraintes urbaines et innovation architecturale\u00a0\u00bb<\/h2>\n\n\n\n<figure class=\"wp-block-embed is-type-rich is-provider-prise-en-charge-des-contenus-embarques wp-block-embed-prise-en-charge-des-contenus-embarques wp-embed-aspect-16-9 wp-has-aspect-ratio\"><div class=\"wp-block-embed__wrapper\">\n<iframe loading=\"lazy\" title=\"Questions aux &quot;anciens&quot; : Jean-Baptisite Minnaert, Paris-Sorbonne\" width=\"1140\" height=\"641\" src=\"https:\/\/www.youtube.com\/embed\/4ohZu258cWw?feature=oembed\" frameborder=\"0\" allow=\"accelerometer; autoplay; clipboard-write; encrypted-media; gyroscope; picture-in-picture; web-share\" allowfullscreen><\/iframe>\n<\/div><\/figure>\n\n\n\n<h2 class=\"wp-block-heading\">Anne-Marie Ch\u00e2telet, Ensa de Strasbourg : \u00ab\u00a0Spatialisation d\u2019une \u00e9cole \u00e0 aires ouvertes\u00a0\u00bb<\/h2>\n\n\n\n<figure class=\"wp-block-embed is-type-rich is-provider-prise-en-charge-des-contenus-embarques wp-block-embed-prise-en-charge-des-contenus-embarques wp-embed-aspect-16-9 wp-has-aspect-ratio\"><div class=\"wp-block-embed__wrapper\">\n<iframe loading=\"lazy\" title=\"Questions aux &quot;anciens&quot; : Anne-Marie Ch\u00e2telet, Ensa de Strasbourg\" width=\"1140\" height=\"641\" src=\"https:\/\/www.youtube.com\/embed\/92P0sBKjWcM?feature=oembed\" frameborder=\"0\" allow=\"accelerometer; autoplay; clipboard-write; encrypted-media; gyroscope; picture-in-picture; web-share\" allowfullscreen><\/iframe>\n<\/div><\/figure>\n\n\n\n<h1 class=\"wp-block-heading\">Conclusions<\/h1>\n\n\n\n<h2 class=\"wp-block-heading\">Alexander Tzonis, TU de Delft : \u00ab\u00a0Aires ouverte et projet de soci\u00e9t\u00e9\u00a0\u00bb<\/h2>\n\n\n\n<figure class=\"wp-block-embed is-type-rich is-provider-prise-en-charge-des-contenus-embarques wp-block-embed-prise-en-charge-des-contenus-embarques wp-embed-aspect-16-9 wp-has-aspect-ratio\"><div class=\"wp-block-embed__wrapper\">\n<iframe loading=\"lazy\" title=\"Conclusions : Alexander Tzonis, TU de Delft\" width=\"1140\" height=\"641\" src=\"https:\/\/www.youtube.com\/embed\/H1qgyXd29QY?feature=oembed\" frameborder=\"0\" allow=\"accelerometer; autoplay; clipboard-write; encrypted-media; gyroscope; picture-in-picture; web-share\" allowfullscreen><\/iframe>\n<\/div><\/figure>\n\n\n\n<h2 class=\"wp-block-heading\">Catherine Clarisse, Ensa Paris-Malaquais, Lacth : \u00ab\u00a0Edith Aujame et la programmation de Saint-Merri\u00a0\u00bb<\/h2>\n\n\n\n<figure class=\"wp-block-embed is-type-rich is-provider-prise-en-charge-des-contenus-embarques wp-block-embed-prise-en-charge-des-contenus-embarques wp-embed-aspect-16-9 wp-has-aspect-ratio\"><div class=\"wp-block-embed__wrapper\">\n<iframe loading=\"lazy\" title=\"Conclusions : Catherine Clarisse, Ensa Paris-Malaquais, Lacth\" width=\"1140\" height=\"641\" src=\"https:\/\/www.youtube.com\/embed\/4bOwjWSMNYQ?feature=oembed\" frameborder=\"0\" allow=\"accelerometer; autoplay; clipboard-write; encrypted-media; gyroscope; picture-in-picture; web-share\" allowfullscreen><\/iframe>\n<\/div><\/figure>\n\n\n\n<h2 class=\"wp-block-heading\">Daniel Lombard, architecte et J.-Fran\u00e7ois Cabestan, Paris 1 : tentatives de dialogue avec les nouveaux ma\u00eetres d&rsquo;\u0153uvre<\/h2>\n\n\n\n<figure class=\"wp-block-embed is-type-rich is-provider-prise-en-charge-des-contenus-embarques wp-block-embed-prise-en-charge-des-contenus-embarques wp-embed-aspect-16-9 wp-has-aspect-ratio\"><div class=\"wp-block-embed__wrapper\">\n<iframe loading=\"lazy\" title=\"Conclusions : Daniel Lombard, architecte et J.-Fran\u00e7ois Cabestan, Paris 1\" width=\"1140\" height=\"641\" src=\"https:\/\/www.youtube.com\/embed\/TvMd_lxpDoE?feature=oembed\" frameborder=\"0\" allow=\"accelerometer; autoplay; clipboard-write; encrypted-media; gyroscope; picture-in-picture; web-share\" allowfullscreen><\/iframe>\n<\/div><\/figure>\n","protected":false},"excerpt":{"rendered":"<p>T\u00e9moignage des \u00ab\u00a0anciens\u00a0\u00bb Jacques Lichnerowicz, programiste : \u00ab\u00a0P\u00e9dagogie, programmation et logique spatiale\u00a0\u00bb \u00c9douard-Marc Roux et Daniel Lombard, architectes : \u00ab\u00a0Concertation avec les usagers et spatialisation du programme\u00a0\u00bb Alain Constantinidis, ing\u00e9nieur Bouygues : \u00ab\u00a0R\u00f4le de l&rsquo;entreprise et mise en \u0153uvre\u00a0\u00bb \u00c9velyne Zarka, adjointe au maire du 4e : \u00ab\u00a0Fonctionnement et al\u00e9as d&rsquo;un programme novateur\u00a0\u00bb Questions aux [&hellip;]<\/p>\n","protected":false},"author":2,"featured_media":914,"comment_status":"closed","ping_status":"open","sticky":false,"template":"","format":"standard","meta":[],"categories":[19],"tags":[],"_links":{"self":[{"href":"https:\/\/www.jeanfrancoiscabestan.com\/archicab\/wp-json\/wp\/v2\/posts\/515"}],"collection":[{"href":"https:\/\/www.jeanfrancoiscabestan.com\/archicab\/wp-json\/wp\/v2\/posts"}],"about":[{"href":"https:\/\/www.jeanfrancoiscabestan.com\/archicab\/wp-json\/wp\/v2\/types\/post"}],"author":[{"embeddable":true,"href":"https:\/\/www.jeanfrancoiscabestan.com\/archicab\/wp-json\/wp\/v2\/users\/2"}],"replies":[{"embeddable":true,"href":"https:\/\/www.jeanfrancoiscabestan.com\/archicab\/wp-json\/wp\/v2\/comments?post=515"}],"version-history":[{"count":2,"href":"https:\/\/www.jeanfrancoiscabestan.com\/archicab\/wp-json\/wp\/v2\/posts\/515\/revisions"}],"predecessor-version":[{"id":1200,"href":"https:\/\/www.jeanfrancoiscabestan.com\/archicab\/wp-json\/wp\/v2\/posts\/515\/revisions\/1200"}],"wp:featuredmedia":[{"embeddable":true,"href":"https:\/\/www.jeanfrancoiscabestan.com\/archicab\/wp-json\/wp\/v2\/media\/914"}],"wp:attachment":[{"href":"https:\/\/www.jeanfrancoiscabestan.com\/archicab\/wp-json\/wp\/v2\/media?parent=515"}],"wp:term":[{"taxonomy":"category","embeddable":true,"href":"https:\/\/www.jeanfrancoiscabestan.com\/archicab\/wp-json\/wp\/v2\/categories?post=515"},{"taxonomy":"post_tag","embeddable":true,"href":"https:\/\/www.jeanfrancoiscabestan.com\/archicab\/wp-json\/wp\/v2\/tags?post=515"}],"curies":[{"name":"wp","href":"https:\/\/api.w.org\/{rel}","templated":true}]}}