{"id":394,"date":"2013-04-20T00:03:21","date_gmt":"2013-04-19T22:03:21","guid":{"rendered":"https:\/\/www.jeanfrancoiscabestan.com\/archicab\/?p=394"},"modified":"2021-07-14T14:26:00","modified_gmt":"2021-07-14T12:26:00","slug":"table-ronde-1","status":"publish","type":"post","link":"https:\/\/www.jeanfrancoiscabestan.com\/archicab\/causes-patrimoniales\/la-halle-de-fontainebleau\/2013\/04\/20\/table-ronde-1\/","title":{"rendered":"Table ronde"},"content":{"rendered":"<h1>Quel projet pour la halle Esquillan ?<\/h1>\n<h2>Intervenants<\/h2>\n<p><img decoding=\"async\" loading=\"lazy\" class=\"size-full wp-image-398 alignnone\" src=\"https:\/\/www.jeanfrancoiscabestan.com\/archicab\/wp-content\/uploads\/halle-de-fontainebleau\/table_ronde_esquillan.png\" alt=\"\" width=\"630\" height=\"140\" srcset=\"https:\/\/www.jeanfrancoiscabestan.com\/archicab\/wp-content\/uploads\/halle-de-fontainebleau\/table_ronde_esquillan.png 630w, https:\/\/www.jeanfrancoiscabestan.com\/archicab\/wp-content\/uploads\/halle-de-fontainebleau\/table_ronde_esquillan-300x67.png 300w\" sizes=\"(max-width: 630px) 100vw, 630px\" \/><\/p>\n<ul>\n<li>Fran\u00e7ois Chatillon, architecte en chef des Monuments historiques (sous r\u00e9serve)<\/li>\n<li>Alexandre Gady, professeur \u00e0 l\u2019Universit\u00e9 de Paris-Sorbonne<\/li>\n<li>Patrick Guiraud, ing\u00e9nieur CIMb\u00e9ton<\/li>\n<li>Bernard Marrey, Grand Prix de la critique architecturale<\/li>\n<li>Jean-Paul Mauduit, architecte du patrimoine, ancien pr\u00e9sident de l\u2019Association des Architectes du Patrimoine<\/li>\n<li>Simon Texier, professeur \u00e0 l\u2019Universit\u00e9 de Picardie Jules Vernes<\/li>\n<li>Jean-Fran\u00e7ois Cabestan, architecte du patrimoine, Paris 1 Panth\u00e9on-Sorbonne<\/li>\n<\/ul>\n<p>Samedi 20 avril \u00e0 15h30 entr\u00e9e libre dans la limite des places disponibles H\u00f4tel Aigle Noir, 27, place Napol\u00e9on-Bonaparte 77300 Fontainebleau<\/p>\n<p><a href=\"http:\/\/hotelaiglenoir.fr\/fr\/hotel-4-etoiles-fontainebleau.php\" target=\"_blank\" rel=\"noopener\">Site internet H\u00f4tel Aigle Noir<\/a><\/p>\n","protected":false},"excerpt":{"rendered":"<p>Quel projet pour la halle Esquillan ? Intervenants Fran\u00e7ois Chatillon, architecte en chef des Monuments historiques (sous r\u00e9serve) Alexandre Gady, professeur \u00e0 l\u2019Universit\u00e9 de Paris-Sorbonne Patrick Guiraud, ing\u00e9nieur CIMb\u00e9ton Bernard Marrey, Grand Prix de la critique architecturale Jean-Paul Mauduit, architecte du patrimoine, ancien pr\u00e9sident de l\u2019Association des Architectes du Patrimoine Simon Texier, professeur \u00e0 l\u2019Universit\u00e9 [&hellip;]<\/p>\n","protected":false},"author":2,"featured_media":904,"comment_status":"closed","ping_status":"open","sticky":false,"template":"","format":"standard","meta":[],"categories":[18],"tags":[],"_links":{"self":[{"href":"https:\/\/www.jeanfrancoiscabestan.com\/archicab\/wp-json\/wp\/v2\/posts\/394"}],"collection":[{"href":"https:\/\/www.jeanfrancoiscabestan.com\/archicab\/wp-json\/wp\/v2\/posts"}],"about":[{"href":"https:\/\/www.jeanfrancoiscabestan.com\/archicab\/wp-json\/wp\/v2\/types\/post"}],"author":[{"embeddable":true,"href":"https:\/\/www.jeanfrancoiscabestan.com\/archicab\/wp-json\/wp\/v2\/users\/2"}],"replies":[{"embeddable":true,"href":"https:\/\/www.jeanfrancoiscabestan.com\/archicab\/wp-json\/wp\/v2\/comments?post=394"}],"version-history":[{"count":4,"href":"https:\/\/www.jeanfrancoiscabestan.com\/archicab\/wp-json\/wp\/v2\/posts\/394\/revisions"}],"predecessor-version":[{"id":399,"href":"https:\/\/www.jeanfrancoiscabestan.com\/archicab\/wp-json\/wp\/v2\/posts\/394\/revisions\/399"}],"wp:featuredmedia":[{"embeddable":true,"href":"https:\/\/www.jeanfrancoiscabestan.com\/archicab\/wp-json\/wp\/v2\/media\/904"}],"wp:attachment":[{"href":"https:\/\/www.jeanfrancoiscabestan.com\/archicab\/wp-json\/wp\/v2\/media?parent=394"}],"wp:term":[{"taxonomy":"category","embeddable":true,"href":"https:\/\/www.jeanfrancoiscabestan.com\/archicab\/wp-json\/wp\/v2\/categories?post=394"},{"taxonomy":"post_tag","embeddable":true,"href":"https:\/\/www.jeanfrancoiscabestan.com\/archicab\/wp-json\/wp\/v2\/tags?post=394"}],"curies":[{"name":"wp","href":"https:\/\/api.w.org\/{rel}","templated":true}]}}