{"id":380,"date":"2013-04-20T00:04:25","date_gmt":"2013-04-19T22:04:25","guid":{"rendered":"https:\/\/www.jeanfrancoiscabestan.com\/archicab\/?p=380"},"modified":"2021-07-14T14:02:41","modified_gmt":"2021-07-14T12:02:41","slug":"compte-rendu-de-lexposition-et-de-la-table-ronde","status":"publish","type":"post","link":"https:\/\/www.jeanfrancoiscabestan.com\/archicab\/causes-patrimoniales\/la-halle-de-fontainebleau\/2013\/04\/20\/compte-rendu-de-lexposition-et-de-la-table-ronde\/","title":{"rendered":"Compte rendu de l&rsquo;exposition et de la table ronde"},"content":{"rendered":"<h1>Le march\u00e9 couvert de Fontainebleau<\/h1>\n<p><img decoding=\"async\" loading=\"lazy\" class=\"alignleft size-full wp-image-382\" src=\"https:\/\/www.jeanfrancoiscabestan.com\/archicab\/wp-content\/uploads\/halle-de-fontainebleau\/marche_fontainebleau.jpg\" alt=\"\" width=\"260\" height=\"158\" \/>Situ\u00e9 place de la R\u00e9publique, l\u2019\u00e9quipement bellifontain consiste en une coque nerv\u00e9e de b\u00e9ton reposant sur 22 piles creuses, ourl\u00e9e d\u2019un auvent continu. La port\u00e9e de la vo\u00fbte surbaiss\u00e9e et ajour\u00e9e de pav\u00e9s de verre Saint-Gobain repr\u00e9sente une prouesse technique. Le projet dans son ensemble a \u00e9t\u00e9 dessin\u00e9 par l\u2019architecte Henri Bard en 1935 mais la structure et l\u2019aspect de la halle achev\u00e9e en 1942 portent la marque du g\u00e9nie de Nicolas Esquillan, le futur concepteur de la vo\u00fbte du CNIT.<\/p>\n<p>Cet \u00e9quipement souffre de longue date d\u2019un manque d\u2019entretien issu de diverses campagnes de d\u00e9nigrement orchestr\u00e9s \u00e0 des fins y compris \u00e9lectorales, et de l\u2019affichage d\u2019un m\u00e9pris pour l\u2019architecture du XXe si\u00e8cle avant tout destin\u00e9 \u00e0 faire recette. Puisqu\u2019un projet de renouveau urbain est actuellement promu par la Municipalit\u00e9, on ne comprend pas pourquoi cette halle audacieuse, curieusement sous-estim\u00e9e mais utile \u00e0 ses usagers ne saurait constituer l\u2019\u00e9ventuel point d\u2019ancrage et le p\u00f4le d\u2019attraction d\u2019un vrai \u00ab C\u0153ur de Ville \u00bb rajeuni.<\/p>\n<p>Gr\u00e2ce \u00e0 l\u2019instance de classement prononc\u00e9e le 5 mars dernier, l\u2019\u00e9quipement a \u00e9chapp\u00e9 de justesse \u00e0 la pioche des d\u00e9molisseurs et va b\u00e9n\u00e9ficier pendant un an du r\u00e9gime de protection maximal accord\u00e9 par l\u2019\u00c9tat. Destin\u00e9e \u00e0 attirer l\u2019attention sur l\u2019int\u00e9r\u00eat patrimonial d\u2019un \u00e9quipement h\u00e2tivement jug\u00e9 obsol\u00e8te, cette mesure instaure un temps de r\u00e9flexion. Prochainement accueillies \u00e0 l\u2019h\u00f4tel Aigle Noir de Fontainebleau, une exposition et une table ronde inaugurale \u2013 samedi 20 avril \u00e0 15h30 \u2013 contribueront \u00e0 alimenter le d\u00e9bat qui vient d\u2019\u00eatre r\u00e9ouvert.<\/p>\n<p><a href=\"https:\/\/picasaweb.google.com\/104060808318072547291\/DemolitionMarcheCouvertFontainebleau?authuser=0&amp;authkey=Gv1sRgCImV-o7m5rbJ4QE&amp;feat=directlink\" target=\"_blank\" rel=\"noopener\">Photos d\u00e9molition de la halle<\/a><\/p>\n<h1>Fontainebleau, une halle \u00e0 reconqu\u00e9rir?<\/h1>\n<p>Par l\u2019instance de classement prononc\u00e9e in extremis par Aur\u00e9lie Filippetti le 5 mars dernier, le march\u00e9 couvert de Fontainebleau dont il a \u00e9t\u00e9 r\u00e9cemment d\u00e9couvert que l\u2019ing\u00e9nieur structure n\u2019\u00e9tait autre que Nicolas Esquillan \u2013 le concepteur des vo\u00fbtes du CNIT \u2013, a \u00e9chapp\u00e9 de justesse \u00e0 la pioche des d\u00e9molisseurs. Premi\u00e8re d\u2019une s\u00e9rie de manifestations con\u00e7ues pour faire reconsid\u00e9rer le sort de ce b\u00e2timent incompris, une exposition \u00ab Fontainebleau, une halle \u00e0 reconqu\u00e9rir \u00bb pr\u00e9par\u00e9e dans des d\u00e9lais h\u00e9ro\u00efques a \u00e9t\u00e9 pr\u00e9sent\u00e9e du 20 au 27 avril dernier sur place, \u00e0 l\u2019h\u00f4tel Aigle Noir. Sous la responsabilit\u00e9 scientifique de Bernard Marrey et de Jean-Fran\u00e7ois Cabestan, le \u00ab collectif Spline 1 a assur\u00e9 le commissariat, la sc\u00e9nographie et le montage de la manifestation. Deux vid\u00e9os \u00e9voquant l\u2019une les grands moments du parcours d\u2019Esquillan, l\u2019autre l\u2019histoire du march\u00e9 couvert de Fontainebleau ont articul\u00e9 des donn\u00e9es documentaires et iconographiques pour la plupart in\u00e9dites, fruit des recherches men\u00e9es aux archives d\u00e9partementales de Seine-et-Marne par Marjorie Bourgoin et Charlotte Duvette, \u00e9tudiantes \u00e0 Paris 1. \u00c0 l\u2019ENSA de Normandie et \u00e0 Paris-la-Villette, des enseignants en construction \u2013 Bruno Carr\u00e9 et Asle Gonano \u2013 et en projet \u2013 Louis Guedj \u2013 ont convaincu leurs \u00e9tudiants de s\u2019investir dans cette cause. Transport\u00e9es et d\u00e9ball\u00e9es le matin m\u00eame de l\u2019inauguration, les trente maquettes de la halle de Fontainebleau et de structures b\u00e9ton comparables n\u2019ont pas peu contribu\u00e9 \u00e0 la coh\u00e9rence et au succ\u00e8s de l\u2019entreprise. On trouvera en annexe le cahier de bord de la fabrication de l\u2019une d\u2019entre elles, r\u00e9alis\u00e9e en b\u00e9ton arm\u00e9.<\/p>\n<p>Une table ronde inaugurale donnant successivement la parole \u00e0 Patrick Guiraud, (ing\u00e9nieur Cimb\u00e9ton), Jean-Paul Mauduit (architecte du patrimoine), Simon Texier (Universit\u00e9 Picardie), Alexandre Gady (Paris-Sorbonne), Bernard Marrey (historien) et Jean-Fran\u00e7ois Cabestan (Paris 1) a permis de poser les termes d\u2019un d\u00e9bat nourri o\u00f9 les bellifontains venus nombreux ont pu exprimer leurs divergences quant au devenir de la halle, d\u00e9bat d\u00e9mocratique dont on se demande pourquoi il n\u2019a pas eu lieu plus t\u00f4t. On a eu l\u2019agr\u00e9able surprise de voir se manifester la fille de Nicolas Esquillan, Antoinette Bour\u00e9ly-Esquillan, qui a pr\u00each\u00e9 en faveur de la conservation de l\u2019\u0153uvre de son p\u00e8re, m\u00eame si la halle \u00e9tait \u00ab une \u0153uvre de jeunesse \u00bb et qu\u2019elle ne pr\u00e9sentait pas le degr\u00e9 d\u2019aboutissement de ses \u0153uvres ult\u00e9rieures, telles que le Marignane, ou le CNIT. L\u2019excellente tenue de l\u2019expo, de la table ronde et des \u00e9changes a sans doute inspir\u00e9 \u00e0 certains l\u2019id\u00e9e que le b\u00e2timent valait d\u2019\u00eatre consid\u00e9r\u00e9 sous plusieurs angles, dont celui de sa valeur d\u2019usage, \u00e9voqu\u00e9e sous diverses formes. \u00ab Je n\u2019aime pas la halle \u00bb a lanc\u00e9 un bellifontain, \u00ab mais je suis contre sa destruction ! \u00bb, a-t-il martel\u00e9 \u00bb. La journ\u00e9e d\u2019\u00e9tude \u00ab Canop\u00e9es urbaines \u00bb programm\u00e9e le 31 mai prochain \u00e0 l\u2019Institut National d\u2019Histoire de l\u2019Art, 2, rue Vivienne (Salle Jullian) pemettra de revenir sur la question. \u00c0 l\u2019automne, une exposition itin\u00e9rante plus ambitieuse compl\u00e9tera ces premi\u00e8res initiatives.<\/p>\n<p>1: Compos\u00e9 d\u2019Anne-Claire Batteix, architecte DE, d\u2019Ad\u00e9la\u00efde Breuvart, \u00e9tudiante Paris-Belleville, de Pauline Estingoy, architecte DE, sc\u00e9nographe et de L\u00e9opoldine Van Elslande, historienne de l\u2019art, Paris IV.<\/p>\n<h1>Table ronde: \u00ab\u00a0quel projet pour la halle esquillan?\u00a0\u00bb<\/h1>\n<h2>Photos de la table ronde<\/h2>\n<div id='gallery-1' class='czr-gallery row flex-row czr-gallery-style gallery galleryid-380 gallery-columns-3 gallery-size-medium'><figure class='gallery-item col col-auto'>\r\n                        <div class='gallery-icon landscape czr-gallery-icon'>\r\n                              <a data-lb-type=\"grouped-gallery\" title=\"Prise de parole d&rsquo;Alexandre Gady\" href=https:\/\/www.jeanfrancoiscabestan.com\/archicab\/wp-content\/uploads\/halle-de-fontainebleau\/alexandre_gady_large.jpg class=\"bg-link\"><\/a><img width=\"300\" height=\"169\" src=\"https:\/\/www.jeanfrancoiscabestan.com\/archicab\/wp-content\/uploads\/halle-de-fontainebleau\/alexandre_gady_large-300x169.jpg\" class=\"attachment-medium size-medium\" alt=\"\" decoding=\"async\" loading=\"lazy\" sizes=\"(min-width: 1200px) 350px, (min-width: 992px) 290px, (min-width: 768px) 210px, (min-width: 576px) 150px, calc( 50vw - 30px )\" aria-describedby=\"gallery-1-385\" srcset=\"https:\/\/www.jeanfrancoiscabestan.com\/archicab\/wp-content\/uploads\/halle-de-fontainebleau\/alexandre_gady_large-300x169.jpg 300w, https:\/\/www.jeanfrancoiscabestan.com\/archicab\/wp-content\/uploads\/halle-de-fontainebleau\/alexandre_gady_large-528x297.jpg 528w, https:\/\/www.jeanfrancoiscabestan.com\/archicab\/wp-content\/uploads\/halle-de-fontainebleau\/alexandre_gady_large.jpg 567w\" \/>\r\n                        <\/div>\r\n                              <figcaption class='wp-caption-text gallery-caption' id='gallery-1-385'>\r\n                              Prise de parole d&rsquo;Alexandre Gady\r\n                              <\/figcaption><\/figure><figure class='gallery-item col col-auto'>\r\n                        <div class='gallery-icon landscape czr-gallery-icon'>\r\n                              <a data-lb-type=\"grouped-gallery\" title=\"Prise de parole de Bernard Marrey\" href=https:\/\/www.jeanfrancoiscabestan.com\/archicab\/wp-content\/uploads\/halle-de-fontainebleau\/bernard_marrey_large.jpg class=\"bg-link\"><\/a><img width=\"300\" height=\"169\" src=\"https:\/\/www.jeanfrancoiscabestan.com\/archicab\/wp-content\/uploads\/halle-de-fontainebleau\/bernard_marrey_large-300x169.jpg\" class=\"attachment-medium size-medium\" alt=\"\" decoding=\"async\" loading=\"lazy\" sizes=\"(min-width: 1200px) 350px, (min-width: 992px) 290px, (min-width: 768px) 210px, (min-width: 576px) 150px, calc( 50vw - 30px )\" aria-describedby=\"gallery-1-384\" srcset=\"https:\/\/www.jeanfrancoiscabestan.com\/archicab\/wp-content\/uploads\/halle-de-fontainebleau\/bernard_marrey_large-300x169.jpg 300w, https:\/\/www.jeanfrancoiscabestan.com\/archicab\/wp-content\/uploads\/halle-de-fontainebleau\/bernard_marrey_large-528x297.jpg 528w, https:\/\/www.jeanfrancoiscabestan.com\/archicab\/wp-content\/uploads\/halle-de-fontainebleau\/bernard_marrey_large.jpg 567w\" \/>\r\n                        <\/div>\r\n                              <figcaption class='wp-caption-text gallery-caption' id='gallery-1-384'>\r\n                              Prise de parole de Bernard Marrey\r\n                              <\/figcaption><\/figure><figure class='gallery-item col col-auto'>\r\n                        <div class='gallery-icon landscape czr-gallery-icon'>\r\n                              <a data-lb-type=\"grouped-gallery\" title=\"Prise de parole de la fille de Nicolas Esquillan, Antoinette Bour\u00e9ly-Esquillan\" href=https:\/\/www.jeanfrancoiscabestan.com\/archicab\/wp-content\/uploads\/halle-de-fontainebleau\/antoinette_bourely_large.jpg class=\"bg-link\"><\/a><img width=\"300\" height=\"168\" src=\"https:\/\/www.jeanfrancoiscabestan.com\/archicab\/wp-content\/uploads\/halle-de-fontainebleau\/antoinette_bourely_large-300x168.jpg\" class=\"attachment-medium size-medium\" alt=\"\" decoding=\"async\" loading=\"lazy\" sizes=\"(min-width: 1200px) 350px, (min-width: 992px) 290px, (min-width: 768px) 210px, (min-width: 576px) 150px, calc( 50vw - 30px )\" aria-describedby=\"gallery-1-386\" srcset=\"https:\/\/www.jeanfrancoiscabestan.com\/archicab\/wp-content\/uploads\/halle-de-fontainebleau\/antoinette_bourely_large-300x168.jpg 300w, https:\/\/www.jeanfrancoiscabestan.com\/archicab\/wp-content\/uploads\/halle-de-fontainebleau\/antoinette_bourely_large-528x297.jpg 528w, https:\/\/www.jeanfrancoiscabestan.com\/archicab\/wp-content\/uploads\/halle-de-fontainebleau\/antoinette_bourely_large.jpg 567w\" \/>\r\n                        <\/div>\r\n                              <figcaption class='wp-caption-text gallery-caption' id='gallery-1-386'>\r\n                              Prise de parole de la fille de Nicolas Esquillan, Antoinette Bour\u00e9ly-Esquillan\r\n                              <\/figcaption><\/figure>\r\n                  <\/div>\n\n<h1>Exposition: \u00ab\u00a0une halle \u00e0 reconqu\u00e9rir\u00a0\u00bb<\/h1>\n<h2>Photos de l&rsquo;exposition<\/h2>\n<div id='gallery-2' class='czr-gallery row flex-row czr-gallery-style gallery galleryid-380 gallery-columns-3 gallery-size-medium'><figure class='gallery-item col col-auto'>\r\n                        <div class='gallery-icon landscape czr-gallery-icon'>\r\n                              <a data-lb-type=\"grouped-gallery\" title=\"Inauguration de l&rsquo;expo\" href=https:\/\/www.jeanfrancoiscabestan.com\/archicab\/wp-content\/uploads\/halle-de-fontainebleau\/inauguration_expo_esquillan_large.jpg class=\"bg-link\"><\/a><img width=\"300\" height=\"194\" src=\"https:\/\/www.jeanfrancoiscabestan.com\/archicab\/wp-content\/uploads\/halle-de-fontainebleau\/inauguration_expo_esquillan_large-300x194.jpg\" class=\"attachment-medium size-medium\" alt=\"\" decoding=\"async\" loading=\"lazy\" sizes=\"(min-width: 1200px) 350px, (min-width: 992px) 290px, (min-width: 768px) 210px, (min-width: 576px) 150px, calc( 50vw - 30px )\" aria-describedby=\"gallery-2-391\" srcset=\"https:\/\/www.jeanfrancoiscabestan.com\/archicab\/wp-content\/uploads\/halle-de-fontainebleau\/inauguration_expo_esquillan_large-300x194.jpg 300w, https:\/\/www.jeanfrancoiscabestan.com\/archicab\/wp-content\/uploads\/halle-de-fontainebleau\/inauguration_expo_esquillan_large.jpg 617w\" \/>\r\n                        <\/div>\r\n                              <figcaption class='wp-caption-text gallery-caption' id='gallery-2-391'>\r\n                              Inauguration de l&rsquo;expo\r\n                              <\/figcaption><\/figure><figure class='gallery-item col col-auto'>\r\n                        <div class='gallery-icon portrait czr-gallery-icon'>\r\n                              <a data-lb-type=\"grouped-gallery\" title=\"Atelier \u00e0 Paris-la-Villette\" href=https:\/\/www.jeanfrancoiscabestan.com\/archicab\/wp-content\/uploads\/halle-de-fontainebleau\/atelier_paris_la_villette_large.jpg class=\"bg-link\"><\/a><img width=\"225\" height=\"300\" src=\"https:\/\/www.jeanfrancoiscabestan.com\/archicab\/wp-content\/uploads\/halle-de-fontainebleau\/atelier_paris_la_villette_large-225x300.jpg\" class=\"attachment-medium size-medium\" alt=\"\" decoding=\"async\" loading=\"lazy\" sizes=\"(min-width: 1200px) 350px, (min-width: 992px) 290px, (min-width: 768px) 210px, (min-width: 576px) 150px, calc( 50vw - 30px )\" aria-describedby=\"gallery-2-387\" srcset=\"https:\/\/www.jeanfrancoiscabestan.com\/archicab\/wp-content\/uploads\/halle-de-fontainebleau\/atelier_paris_la_villette_large-225x300.jpg 225w, https:\/\/www.jeanfrancoiscabestan.com\/archicab\/wp-content\/uploads\/halle-de-fontainebleau\/atelier_paris_la_villette_large-768x1024.jpg 768w, https:\/\/www.jeanfrancoiscabestan.com\/archicab\/wp-content\/uploads\/halle-de-fontainebleau\/atelier_paris_la_villette_large.jpg 850w\" \/>\r\n                        <\/div>\r\n                              <figcaption class='wp-caption-text gallery-caption' id='gallery-2-387'>\r\n                              Atelier \u00e0 Paris-la-Villette\r\n                              <\/figcaption><\/figure><figure class='gallery-item col col-auto'>\r\n                        <div class='gallery-icon landscape czr-gallery-icon'>\r\n                              <a data-lb-type=\"grouped-gallery\" title=\"Atelier \u00e0 l&rsquo;ENSA de Normandie\" href=https:\/\/www.jeanfrancoiscabestan.com\/archicab\/wp-content\/uploads\/halle-de-fontainebleau\/atelier_ensa_normandie_large.jpg class=\"bg-link\"><\/a><img width=\"300\" height=\"159\" src=\"https:\/\/www.jeanfrancoiscabestan.com\/archicab\/wp-content\/uploads\/halle-de-fontainebleau\/atelier_ensa_normandie_large-300x159.jpg\" class=\"attachment-medium size-medium\" alt=\"\" decoding=\"async\" loading=\"lazy\" sizes=\"(min-width: 1200px) 350px, (min-width: 992px) 290px, (min-width: 768px) 210px, (min-width: 576px) 150px, calc( 50vw - 30px )\" aria-describedby=\"gallery-2-388\" srcset=\"https:\/\/www.jeanfrancoiscabestan.com\/archicab\/wp-content\/uploads\/halle-de-fontainebleau\/atelier_ensa_normandie_large-300x159.jpg 300w, https:\/\/www.jeanfrancoiscabestan.com\/archicab\/wp-content\/uploads\/halle-de-fontainebleau\/atelier_ensa_normandie_large-768x407.jpg 768w, https:\/\/www.jeanfrancoiscabestan.com\/archicab\/wp-content\/uploads\/halle-de-fontainebleau\/atelier_ensa_normandie_large-1024x543.jpg 1024w, https:\/\/www.jeanfrancoiscabestan.com\/archicab\/wp-content\/uploads\/halle-de-fontainebleau\/atelier_ensa_normandie_large.jpg 1214w\" \/>\r\n                        <\/div>\r\n                              <figcaption class='wp-caption-text gallery-caption' id='gallery-2-388'>\r\n                              Atelier \u00e0 l&rsquo;ENSA de Normandie\r\n                              <\/figcaption><\/figure><figure class='gallery-item col col-auto'>\r\n                        <div class='gallery-icon landscape czr-gallery-icon'>\r\n                              <a data-lb-type=\"grouped-gallery\" title=\"Le comit\u00e9 d&rsquo;organisation de l&rsquo;expo, le Collectif Spline\" href=https:\/\/www.jeanfrancoiscabestan.com\/archicab\/wp-content\/uploads\/halle-de-fontainebleau\/collectif_spline_large.jpg class=\"bg-link\"><\/a><img width=\"300\" height=\"225\" src=\"https:\/\/www.jeanfrancoiscabestan.com\/archicab\/wp-content\/uploads\/halle-de-fontainebleau\/collectif_spline_large-300x225.jpg\" class=\"attachment-medium size-medium\" alt=\"\" decoding=\"async\" loading=\"lazy\" sizes=\"(min-width: 1200px) 350px, (min-width: 992px) 290px, (min-width: 768px) 210px, (min-width: 576px) 150px, calc( 50vw - 30px )\" aria-describedby=\"gallery-2-389\" srcset=\"https:\/\/www.jeanfrancoiscabestan.com\/archicab\/wp-content\/uploads\/halle-de-fontainebleau\/collectif_spline_large-300x225.jpg 300w, https:\/\/www.jeanfrancoiscabestan.com\/archicab\/wp-content\/uploads\/halle-de-fontainebleau\/collectif_spline_large.jpg 567w\" \/>\r\n                        <\/div>\r\n                              <figcaption class='wp-caption-text gallery-caption' id='gallery-2-389'>\r\n                              Le comit\u00e9 d&rsquo;organisation de l&rsquo;expo, le Collectif Spline\r\n                              <\/figcaption><\/figure><figure class='gallery-item col col-auto'>\r\n                        <div class='gallery-icon landscape czr-gallery-icon'>\r\n                              <a data-lb-type=\"grouped-gallery\" title=\"Maquette de la halle en b\u00e9ton arm\u00e9, ENSA de Normandie\" href=https:\/\/www.jeanfrancoiscabestan.com\/archicab\/wp-content\/uploads\/halle-de-fontainebleau\/maquette_ensa_large.jpg class=\"bg-link\"><\/a><img width=\"300\" height=\"169\" src=\"https:\/\/www.jeanfrancoiscabestan.com\/archicab\/wp-content\/uploads\/halle-de-fontainebleau\/maquette_ensa_large-300x169.jpg\" class=\"attachment-medium size-medium\" alt=\"\" decoding=\"async\" loading=\"lazy\" sizes=\"(min-width: 1200px) 350px, (min-width: 992px) 290px, (min-width: 768px) 210px, (min-width: 576px) 150px, calc( 50vw - 30px )\" aria-describedby=\"gallery-2-390\" srcset=\"https:\/\/www.jeanfrancoiscabestan.com\/archicab\/wp-content\/uploads\/halle-de-fontainebleau\/maquette_ensa_large-300x169.jpg 300w, https:\/\/www.jeanfrancoiscabestan.com\/archicab\/wp-content\/uploads\/halle-de-fontainebleau\/maquette_ensa_large-768x432.jpg 768w, https:\/\/www.jeanfrancoiscabestan.com\/archicab\/wp-content\/uploads\/halle-de-fontainebleau\/maquette_ensa_large-1024x575.jpg 1024w, https:\/\/www.jeanfrancoiscabestan.com\/archicab\/wp-content\/uploads\/halle-de-fontainebleau\/maquette_ensa_large-1110x624.jpg 1110w, https:\/\/www.jeanfrancoiscabestan.com\/archicab\/wp-content\/uploads\/halle-de-fontainebleau\/maquette_ensa_large-528x297.jpg 528w, https:\/\/www.jeanfrancoiscabestan.com\/archicab\/wp-content\/uploads\/halle-de-fontainebleau\/maquette_ensa_large.jpg 1276w\" \/>\r\n                        <\/div>\r\n                              <figcaption class='wp-caption-text gallery-caption' id='gallery-2-390'>\r\n                              Maquette de la halle en b\u00e9ton arm\u00e9, ENSA de Normandie\r\n                              <\/figcaption><\/figure>\r\n                  <\/div>\n\n<h1>El\u00e9ments compl\u00e9mentaires<\/h1>\n<ul>\n<li><a href=\"https:\/\/www.jeanfrancoiscabestan.com\/archicab\/wp-content\/uploads\/halle-de-fontainebleau\/carnet_de_bord_maquette.pdf\" target=\"_blank\" rel=\"noopener\">Carnet de bord, r\u00e9alisation d&rsquo;un d\u00e9tail de la halle<\/a> (pdf)<\/li>\n<li><a href=\"https:\/\/plus.google.com\/photos\/113515165051257137783\/albums\/5873458935272145281?authkey=COv-iffLseOxlQE\" target=\"_blank\" rel=\"noopener\">Revue photographique des objets de l&rsquo;exposition<\/a> (google +)<\/li>\n<\/ul>\n","protected":false},"excerpt":{"rendered":"<p>Le march\u00e9 couvert de Fontainebleau Situ\u00e9 place de la R\u00e9publique, l\u2019\u00e9quipement bellifontain consiste en une coque nerv\u00e9e de b\u00e9ton reposant sur 22 piles creuses, ourl\u00e9e d\u2019un auvent continu. La port\u00e9e de la vo\u00fbte surbaiss\u00e9e et ajour\u00e9e de pav\u00e9s de verre Saint-Gobain repr\u00e9sente une prouesse technique. Le projet dans son ensemble a \u00e9t\u00e9 dessin\u00e9 par l\u2019architecte [&hellip;]<\/p>\n","protected":false},"author":2,"featured_media":936,"comment_status":"closed","ping_status":"open","sticky":false,"template":"","format":"standard","meta":[],"categories":[18],"tags":[],"_links":{"self":[{"href":"https:\/\/www.jeanfrancoiscabestan.com\/archicab\/wp-json\/wp\/v2\/posts\/380"}],"collection":[{"href":"https:\/\/www.jeanfrancoiscabestan.com\/archicab\/wp-json\/wp\/v2\/posts"}],"about":[{"href":"https:\/\/www.jeanfrancoiscabestan.com\/archicab\/wp-json\/wp\/v2\/types\/post"}],"author":[{"embeddable":true,"href":"https:\/\/www.jeanfrancoiscabestan.com\/archicab\/wp-json\/wp\/v2\/users\/2"}],"replies":[{"embeddable":true,"href":"https:\/\/www.jeanfrancoiscabestan.com\/archicab\/wp-json\/wp\/v2\/comments?post=380"}],"version-history":[{"count":1,"href":"https:\/\/www.jeanfrancoiscabestan.com\/archicab\/wp-json\/wp\/v2\/posts\/380\/revisions"}],"predecessor-version":[{"id":393,"href":"https:\/\/www.jeanfrancoiscabestan.com\/archicab\/wp-json\/wp\/v2\/posts\/380\/revisions\/393"}],"wp:featuredmedia":[{"embeddable":true,"href":"https:\/\/www.jeanfrancoiscabestan.com\/archicab\/wp-json\/wp\/v2\/media\/936"}],"wp:attachment":[{"href":"https:\/\/www.jeanfrancoiscabestan.com\/archicab\/wp-json\/wp\/v2\/media?parent=380"}],"wp:term":[{"taxonomy":"category","embeddable":true,"href":"https:\/\/www.jeanfrancoiscabestan.com\/archicab\/wp-json\/wp\/v2\/categories?post=380"},{"taxonomy":"post_tag","embeddable":true,"href":"https:\/\/www.jeanfrancoiscabestan.com\/archicab\/wp-json\/wp\/v2\/tags?post=380"}],"curies":[{"name":"wp","href":"https:\/\/api.w.org\/{rel}","templated":true}]}}