{"id":353,"date":"2018-04-11T00:00:09","date_gmt":"2018-04-10T22:00:09","guid":{"rendered":"https:\/\/www.jeanfrancoiscabestan.com\/archicab\/?p=353"},"modified":"2021-07-14T14:01:43","modified_gmt":"2021-07-14T12:01:43","slug":"journee-detude-4","status":"publish","type":"post","link":"https:\/\/www.jeanfrancoiscabestan.com\/archicab\/causes-patrimoniales\/restitution-de-jardins-disparus\/2018\/04\/11\/journee-detude-4\/","title":{"rendered":"Journ\u00e9e d&rsquo;\u00e9tude"},"content":{"rendered":"<h1>Restitution de jardins disparus : les cas de la Venaria Reale et du ch\u00e2teau de Chambord<\/h1>\n<blockquote><p>Journ\u00e9e d&rsquo;\u00e9tude du 11 avril 2018<br \/>\n9h30 &#8211; 18h00<\/p>\n<p>Organis\u00e9e par J-Fran\u00e7ois Cabestan et St\u00e9phanie de Courtois<br \/>\n\u00e0 l\u2019INHA, salle Vasari, 1er \u00e9tage, galerie Colbert;<br \/>\n2, rue Vivienne Paris 2e arrt<br \/>\ndans le cadre de la formation de M2 pro \u00ab Jardins Historiques, Patrimoine et Paysage \u00bb (JHPP)<br \/>\n\u00c9cole Nationale Sup\u00e9rieure d\u2019Architecture de Versailles (ENSAV) \/ Universit\u00e9 Paris 1 Panth\u00e9on-Sorbonne<\/p><\/blockquote>\n<p><a href=\"http:\/\/hicsa.univ-paris1.fr\/page.php?r=3&amp;id=934&amp;lang=fr\" target=\"_blank\" rel=\"noopener noreferrer\">http:\/\/hicsa.univ-paris1.fr\/page.php?r=3&amp;id=934&amp;lang=fr<\/a><\/p>\n<p>Entr\u00e9e libre.<\/p>\n<ul>\n<li><a href=\"https:\/\/www.jeanfrancoiscabestan.com\/archicab\/wp-content\/uploads\/restitution-de-jardins-disparus\/programme.pdf\" target=\"_blank\" rel=\"noopener noreferrer\">Programme de la journ\u00e9e d&rsquo;\u00e9tude<\/a> (pdf)<\/li>\n<\/ul>\n<p><a href=\"https:\/\/www.jeanfrancoiscabestan.com\/archicab\/wp-content\/uploads\/restitution-de-jardins-disparus\/jardins_disparus_carre.png\"><img decoding=\"async\" loading=\"lazy\" class=\"aligncenter wp-image-521 size-full\" src=\"https:\/\/www.jeanfrancoiscabestan.com\/archicab\/wp-content\/uploads\/restitution-de-jardins-disparus\/jardins_disparus_carre.png\" alt=\"\" width=\"653\" height=\"627\" srcset=\"https:\/\/www.jeanfrancoiscabestan.com\/archicab\/wp-content\/uploads\/restitution-de-jardins-disparus\/jardins_disparus_carre.png 653w, https:\/\/www.jeanfrancoiscabestan.com\/archicab\/wp-content\/uploads\/restitution-de-jardins-disparus\/jardins_disparus_carre-300x288.png 300w\" sizes=\"(max-width: 653px) 100vw, 653px\" \/><\/a><\/p>\n","protected":false},"excerpt":{"rendered":"<p>Restitution de jardins disparus : les cas de la Venaria Reale et du ch\u00e2teau de Chambord Journ\u00e9e d&rsquo;\u00e9tude du 11 avril 2018 9h30 &#8211; 18h00 Organis\u00e9e par J-Fran\u00e7ois Cabestan et St\u00e9phanie de Courtois \u00e0 l\u2019INHA, salle Vasari, 1er \u00e9tage, galerie Colbert; 2, rue Vivienne Paris 2e arrt dans le cadre de la formation de M2 [&hellip;]<\/p>\n","protected":false},"author":2,"featured_media":929,"comment_status":"closed","ping_status":"open","sticky":false,"template":"","format":"standard","meta":[],"categories":[20],"tags":[],"_links":{"self":[{"href":"https:\/\/www.jeanfrancoiscabestan.com\/archicab\/wp-json\/wp\/v2\/posts\/353"}],"collection":[{"href":"https:\/\/www.jeanfrancoiscabestan.com\/archicab\/wp-json\/wp\/v2\/posts"}],"about":[{"href":"https:\/\/www.jeanfrancoiscabestan.com\/archicab\/wp-json\/wp\/v2\/types\/post"}],"author":[{"embeddable":true,"href":"https:\/\/www.jeanfrancoiscabestan.com\/archicab\/wp-json\/wp\/v2\/users\/2"}],"replies":[{"embeddable":true,"href":"https:\/\/www.jeanfrancoiscabestan.com\/archicab\/wp-json\/wp\/v2\/comments?post=353"}],"version-history":[{"count":4,"href":"https:\/\/www.jeanfrancoiscabestan.com\/archicab\/wp-json\/wp\/v2\/posts\/353\/revisions"}],"predecessor-version":[{"id":890,"href":"https:\/\/www.jeanfrancoiscabestan.com\/archicab\/wp-json\/wp\/v2\/posts\/353\/revisions\/890"}],"wp:featuredmedia":[{"embeddable":true,"href":"https:\/\/www.jeanfrancoiscabestan.com\/archicab\/wp-json\/wp\/v2\/media\/929"}],"wp:attachment":[{"href":"https:\/\/www.jeanfrancoiscabestan.com\/archicab\/wp-json\/wp\/v2\/media?parent=353"}],"wp:term":[{"taxonomy":"category","embeddable":true,"href":"https:\/\/www.jeanfrancoiscabestan.com\/archicab\/wp-json\/wp\/v2\/categories?post=353"},{"taxonomy":"post_tag","embeddable":true,"href":"https:\/\/www.jeanfrancoiscabestan.com\/archicab\/wp-json\/wp\/v2\/tags?post=353"}],"curies":[{"name":"wp","href":"https:\/\/api.w.org\/{rel}","templated":true}]}}