{"id":326,"date":"2015-06-05T00:00:58","date_gmt":"2015-06-04T22:00:58","guid":{"rendered":"https:\/\/www.jeanfrancoiscabestan.com\/archicab\/?p=326"},"modified":"2021-07-14T14:28:32","modified_gmt":"2021-07-14T12:28:32","slug":"cas-patrimoniaux-en-region","status":"publish","type":"post","link":"https:\/\/www.jeanfrancoiscabestan.com\/archicab\/causes-patrimoniales\/2015\/06\/05\/cas-patrimoniaux-en-region\/","title":{"rendered":"Cas patrimoniaux en r\u00e9gion"},"content":{"rendered":"<h1>Journ\u00e9e d&rsquo;\u00e9tude du 5 juin 2015<\/h1>\n<ul>\n<li><a href=\"https:\/\/www.jeanfrancoiscabestan.com\/archicab\/wp-content\/uploads\/cas-patrimoniaux-en-region\/cas_patrimoniaux_en_region_programme.pdf\" target=\"_blank\" rel=\"noopener\">Programme<\/a> (pdf)<\/li>\n<\/ul>\n<h2>Pi\u00e8ces \u00e0 conviction<\/h2>\n<ul>\n<li>Dieppe :\n<ul>\n<li><a href=\"https:\/\/www.jeanfrancoiscabestan.com\/archicab\/wp-content\/uploads\/cas-patrimoniaux-en-region\/cas_patrimoniaux_en_region_note_de_synthese.pdf\" target=\"_blank\" rel=\"noopener\">Proposition d&rsquo;inscription du Pont Colbert \u00e0 l&rsquo;ISMH &#8211; Note de synth\u00e8se<\/a> (pdf)<\/li>\n<li><a href=\"https:\/\/www.jeanfrancoiscabestan.com\/archicab\/wp-content\/uploads\/cas-patrimoniaux-en-region\/cas_patrimoniaux_en_region_liste_des_ponts_mobiles_acier.pdf\" target=\"_blank\" rel=\"noopener\">Liste des ponts mobiles acier actuellement en fonctionnement<\/a> (pdf)<\/li>\n<\/ul>\n<\/li>\n<li>Universit\u00e9 de Toulouse le Mirail :\n<ul>\n<li><a href=\"https:\/\/www.jeanfrancoiscabestan.com\/archicab\/wp-content\/uploads\/cas-patrimoniaux-en-region\/cas_patrimoniaux_en_region_planches_mirail.pdf\" target=\"_blank\" rel=\"noopener\">Plaquette de synth\u00e8se illustr\u00e9e<\/a> (pdf)<\/li>\n<li><a href=\"https:\/\/www.jeanfrancoiscabestan.com\/archicab\/wp-content\/uploads\/cas-patrimoniaux-en-region\/cas_patrimoniaux_en_region_lettre_docomomo_international.pdf\" target=\"_blank\" rel=\"noopener\">Lettre de la pr\u00e9sidente de Docomomo International au Premier Ministre Manuel Valls<\/a> (pdf)<\/li>\n<\/ul>\n<\/li>\n<\/ul>\n","protected":false},"excerpt":{"rendered":"<p>Journ\u00e9e d&rsquo;\u00e9tude du 5 juin 2015 Programme (pdf) Pi\u00e8ces \u00e0 conviction Dieppe : Proposition d&rsquo;inscription du Pont Colbert \u00e0 l&rsquo;ISMH &#8211; Note de synth\u00e8se (pdf) Liste des ponts mobiles acier actuellement en fonctionnement (pdf) Universit\u00e9 de Toulouse le Mirail : Plaquette de synth\u00e8se illustr\u00e9e (pdf) Lettre de la pr\u00e9sidente de Docomomo International au Premier Ministre [&hellip;]<\/p>\n","protected":false},"author":2,"featured_media":895,"comment_status":"closed","ping_status":"open","sticky":false,"template":"","format":"standard","meta":[],"categories":[2],"tags":[],"_links":{"self":[{"href":"https:\/\/www.jeanfrancoiscabestan.com\/archicab\/wp-json\/wp\/v2\/posts\/326"}],"collection":[{"href":"https:\/\/www.jeanfrancoiscabestan.com\/archicab\/wp-json\/wp\/v2\/posts"}],"about":[{"href":"https:\/\/www.jeanfrancoiscabestan.com\/archicab\/wp-json\/wp\/v2\/types\/post"}],"author":[{"embeddable":true,"href":"https:\/\/www.jeanfrancoiscabestan.com\/archicab\/wp-json\/wp\/v2\/users\/2"}],"replies":[{"embeddable":true,"href":"https:\/\/www.jeanfrancoiscabestan.com\/archicab\/wp-json\/wp\/v2\/comments?post=326"}],"version-history":[{"count":5,"href":"https:\/\/www.jeanfrancoiscabestan.com\/archicab\/wp-json\/wp\/v2\/posts\/326\/revisions"}],"predecessor-version":[{"id":830,"href":"https:\/\/www.jeanfrancoiscabestan.com\/archicab\/wp-json\/wp\/v2\/posts\/326\/revisions\/830"}],"wp:featuredmedia":[{"embeddable":true,"href":"https:\/\/www.jeanfrancoiscabestan.com\/archicab\/wp-json\/wp\/v2\/media\/895"}],"wp:attachment":[{"href":"https:\/\/www.jeanfrancoiscabestan.com\/archicab\/wp-json\/wp\/v2\/media?parent=326"}],"wp:term":[{"taxonomy":"category","embeddable":true,"href":"https:\/\/www.jeanfrancoiscabestan.com\/archicab\/wp-json\/wp\/v2\/categories?post=326"},{"taxonomy":"post_tag","embeddable":true,"href":"https:\/\/www.jeanfrancoiscabestan.com\/archicab\/wp-json\/wp\/v2\/tags?post=326"}],"curies":[{"name":"wp","href":"https:\/\/api.w.org\/{rel}","templated":true}]}}