{"id":147,"date":"2016-03-10T00:00:09","date_gmt":"2016-03-09T23:00:09","guid":{"rendered":"https:\/\/www.jeanfrancoiscabestan.com\/archicab\/?p=147"},"modified":"2021-07-17T14:18:30","modified_gmt":"2021-07-17T12:18:30","slug":"journee-detude-2","status":"publish","type":"post","link":"https:\/\/www.jeanfrancoiscabestan.com\/archicab\/causes-patrimoniales\/inquietudes-sur-le-musee-des-art-et-traditions-populaires\/2016\/03\/10\/journee-detude-2\/","title":{"rendered":"Journ\u00e9e d&rsquo;\u00e9tude"},"content":{"rendered":"<h1>Journ\u00e9e d&rsquo;\u00e9tude du 10 mars 2016<\/h1>\n<blockquote><p>Journ\u00e9e d&rsquo;\u00e9tude<br \/>\ndu jeudi 10 mars 2016<br \/>\n10h00-18h00<br \/>\nEntr\u00e9e libre<\/p>\n<p>Institut National d&rsquo;Histoire de l&rsquo;Art (INHA)<br \/>\n2, rue Vivienne, Paris 2e arrt<br \/>\nsalle Vasari, 1er \u00e9tage<\/p><\/blockquote>\n<p>\u00c0 un moment de son existence o\u00f9 l&rsquo;ancien Mus\u00e9e national des Arts et Traditions Populaires (MNATP) peine \u00e0 retrouver une place pr\u00e9pond\u00e9rante dans un environnement programmatique et culturel qui ne se limite pas au seul Bois de Boulogne, il s&rsquo;agit de faire le point sur l&rsquo;int\u00e9r\u00eat architectural, le potentiel et le sort \u00e0 donner \u00e0 un \u00e9difice-phare de la production des Trente Glorieuses.<\/p>\n<p>Sp\u00e9cialistes du patrimoine architectural du XXe si\u00e8cle et de sa reconversion, architectes fran\u00e7ais et \u00e9trangers, anciens responsables et usagers du MNATP, ayants droits de l&rsquo;oeuvre de Jean Dubuisson, repr\u00e9sentants de la Ville et de l&rsquo;\u00c9tat sont attendus.<\/p>\n<p>Pr\u00e9figuration d&rsquo;une mise en valeur du b\u00e2timent, les travaux d&rsquo;une cinquantaine d&rsquo;\u00e9tudiants r\u00e9alis\u00e9s dans le cadre de studios consacr\u00e9s au MNATP \u00e0 l&rsquo;\u00c9cole Polytechnique F\u00e9d\u00e9rale de Lausanne et \u00e0 l&rsquo;ENSA de Paris-Val de Seine en 2014-2015 seront pr\u00e9sent\u00e9s.<\/p>\n<ul>\n<li><a href=\"https:\/\/www.jeanfrancoiscabestan.com\/archicab\/wp-content\/uploads\/inquietudes-sur-le-musee-des-art-et-traditions-populaires\/programme-journee-etude-MNATP-1.pdf\" target=\"_blank\" rel=\"noopener\">Programme de la journ\u00e9e d&rsquo;\u00e9tude<\/a>\u00a0(pdf)<\/li>\n<\/ul>\n<h2>Pi\u00e8ces \u00e0 conviction<\/h2>\n<ul>\n<li><a href=\"https:\/\/www.jeanfrancoiscabestan.com\/archicab\/wp-content\/uploads\/inquietudes-sur-le-musee-des-art-et-traditions-populaires\/AMC246_P024_025_patrimoine.pdf\" target=\"_blank\" rel=\"noopener\">Article de presse : \u00ab\u00a0Craintes et incertitudes sur le devenir du Mus\u00e9e des Arts et Traditions Populaires\u00a0\u00bb, AMC Moniteur n\u00b0 246, novembre 2015<\/a> (pdf)<\/li>\n<li><a href=\"http:\/\/www.mucem.org\/fr\/node\/3348\" target=\"_blank\" rel=\"noopener\">Video : \u00ab\u00a0Georges-Henri Rivi\u00e8re, le magicien des vitrines\u00a0\u00bb<\/a><\/li>\n<li><a href=\"http:\/\/pierreyvesbrunaud.net\/portfolio-courrier-de-larchitecte-le-louvre-du-peuple-atp-de-jean-dubuisson\/\" target=\"_blank\" rel=\"noopener\">Site d&rsquo;un photographe : \u00ab\u00a0Le Louvre du peuple, vu par Pierre-Yves Brunaud\u00a0\u00bb<\/a><\/li>\n<li><a href=\"https:\/\/www.jeanfrancoiscabestan.com\/archicab\/wp-content\/uploads\/inquietudes-sur-le-musee-des-art-et-traditions-populaires\/AMC214_avril_2012_guillerm_mnatp.pdf\" target=\"_blank\" rel=\"noopener\">\u00ab\u00a0Le Mus\u00e9e des Arts et Traditions Populaires, la naissance d&rsquo;une mus\u00e9ologie moderne\u00a0\u00bb, par \u00c9lise Guillerm, AMC Moniteur, n\u00b0 214, avril 2012<\/a> (pdf)<\/li>\n<li><a href=\"https:\/\/www.jeanfrancoiscabestan.com\/archicab\/wp-content\/uploads\/inquietudes-sur-le-musee-des-art-et-traditions-populaires\/projets_de_reconversion_du_mnatp_plaquette_de_presentation.pdf\" target=\"_blank\" rel=\"noopener\">Projets de reconversion du MNATP : plaquette de pr\u00e9sentation du studio propos\u00e9 aux \u00e9tudiants de l&rsquo;\u00c9cole Polytechnique F\u00e9d\u00e9rale de Lausanne 2014-2015, sous la dir. de Denis Eliet et de Laurent Lehmann (2014-2015)<\/a> (pdf)<\/li>\n<\/ul>\n<p>&nbsp;<\/p>\n<ul>\n<li>Photos de <a href=\"http:\/\/pierreyvesbrunaud.net\/portfolio\/le-louvre-du-peuple\/\" target=\"_blank\" rel=\"noopener\">Pierre-Yves Brunaud<\/a><br \/>\n<div id='gallery-1' class='czr-gallery row flex-row czr-gallery-style gallery galleryid-147 gallery-columns-4 gallery-size-thumbnail'><figure class='gallery-item col col-auto'>\r\n                        <div class='gallery-icon landscape czr-gallery-icon'>\r\n                              <a data-lb-type=\"grouped-gallery\" title=\"\u00a9 Pierre-Yves Brunaud\" href=https:\/\/www.jeanfrancoiscabestan.com\/archicab\/wp-content\/uploads\/inquietudes-sur-le-musee-des-art-et-traditions-populaires\/photos_atp_py_brunaud_1.jpg class=\"bg-link\"><\/a><img width=\"150\" height=\"150\" src=\"https:\/\/www.jeanfrancoiscabestan.com\/archicab\/wp-content\/uploads\/inquietudes-sur-le-musee-des-art-et-traditions-populaires\/photos_atp_py_brunaud_1-150x150.jpg\" class=\"attachment-thumbnail size-thumbnail\" alt=\"\" decoding=\"async\" loading=\"lazy\" sizes=\"(min-width: 1200px) 255px, (min-width: 992px) 210px, (min-width: 768px) 150px, (min-width: 576px) 105px, calc( 50vw - 30px )\" aria-describedby=\"gallery-1-155\" srcset=\"https:\/\/www.jeanfrancoiscabestan.com\/archicab\/wp-content\/uploads\/inquietudes-sur-le-musee-des-art-et-traditions-populaires\/photos_atp_py_brunaud_1-150x150.jpg 150w, https:\/\/www.jeanfrancoiscabestan.com\/archicab\/wp-content\/uploads\/inquietudes-sur-le-musee-des-art-et-traditions-populaires\/photos_atp_py_brunaud_1-510x510.jpg 510w\" \/>\r\n                        <\/div>\r\n                              <figcaption class='wp-caption-text gallery-caption' id='gallery-1-155'>\r\n                              \u00a9 Pierre-Yves Brunaud\r\n                              <\/figcaption><\/figure><figure class='gallery-item col col-auto'>\r\n                        <div class='gallery-icon landscape czr-gallery-icon'>\r\n                              <a data-lb-type=\"grouped-gallery\" title=\"\u00a9 Pierre-Yves Brunaud\" href=https:\/\/www.jeanfrancoiscabestan.com\/archicab\/wp-content\/uploads\/inquietudes-sur-le-musee-des-art-et-traditions-populaires\/photos_atp_py_brunaud_2.jpg class=\"bg-link\"><\/a><img width=\"150\" height=\"150\" src=\"https:\/\/www.jeanfrancoiscabestan.com\/archicab\/wp-content\/uploads\/inquietudes-sur-le-musee-des-art-et-traditions-populaires\/photos_atp_py_brunaud_2-150x150.jpg\" class=\"attachment-thumbnail size-thumbnail\" alt=\"\" decoding=\"async\" loading=\"lazy\" sizes=\"(min-width: 1200px) 255px, (min-width: 992px) 210px, (min-width: 768px) 150px, (min-width: 576px) 105px, calc( 50vw - 30px )\" aria-describedby=\"gallery-1-156\" srcset=\"https:\/\/www.jeanfrancoiscabestan.com\/archicab\/wp-content\/uploads\/inquietudes-sur-le-musee-des-art-et-traditions-populaires\/photos_atp_py_brunaud_2-150x150.jpg 150w, https:\/\/www.jeanfrancoiscabestan.com\/archicab\/wp-content\/uploads\/inquietudes-sur-le-musee-des-art-et-traditions-populaires\/photos_atp_py_brunaud_2-510x510.jpg 510w\" \/>\r\n                        <\/div>\r\n                              <figcaption class='wp-caption-text gallery-caption' id='gallery-1-156'>\r\n                              \u00a9 Pierre-Yves Brunaud\r\n                              <\/figcaption><\/figure><figure class='gallery-item col col-auto'>\r\n                        <div class='gallery-icon landscape czr-gallery-icon'>\r\n                              <a data-lb-type=\"grouped-gallery\" title=\"\u00a9 Pierre-Yves Brunaud\" href=https:\/\/www.jeanfrancoiscabestan.com\/archicab\/wp-content\/uploads\/inquietudes-sur-le-musee-des-art-et-traditions-populaires\/photos_atp_py_brunaud_3.jpg class=\"bg-link\"><\/a><img width=\"150\" height=\"150\" src=\"https:\/\/www.jeanfrancoiscabestan.com\/archicab\/wp-content\/uploads\/inquietudes-sur-le-musee-des-art-et-traditions-populaires\/photos_atp_py_brunaud_3-150x150.jpg\" class=\"attachment-thumbnail size-thumbnail\" alt=\"\" decoding=\"async\" loading=\"lazy\" sizes=\"(min-width: 1200px) 255px, (min-width: 992px) 210px, (min-width: 768px) 150px, (min-width: 576px) 105px, calc( 50vw - 30px )\" aria-describedby=\"gallery-1-153\" srcset=\"https:\/\/www.jeanfrancoiscabestan.com\/archicab\/wp-content\/uploads\/inquietudes-sur-le-musee-des-art-et-traditions-populaires\/photos_atp_py_brunaud_3-150x150.jpg 150w, https:\/\/www.jeanfrancoiscabestan.com\/archicab\/wp-content\/uploads\/inquietudes-sur-le-musee-des-art-et-traditions-populaires\/photos_atp_py_brunaud_3-510x510.jpg 510w\" \/>\r\n                        <\/div>\r\n                              <figcaption class='wp-caption-text gallery-caption' id='gallery-1-153'>\r\n                              \u00a9 Pierre-Yves Brunaud\r\n                              <\/figcaption><\/figure><figure class='gallery-item col col-auto'>\r\n                        <div class='gallery-icon landscape czr-gallery-icon'>\r\n                              <a data-lb-type=\"grouped-gallery\" title=\"\u00a9 Pierre-Yves Brunaud\" href=https:\/\/www.jeanfrancoiscabestan.com\/archicab\/wp-content\/uploads\/inquietudes-sur-le-musee-des-art-et-traditions-populaires\/photos_atp_py_brunaud_4.jpg class=\"bg-link\"><\/a><img width=\"150\" height=\"150\" src=\"https:\/\/www.jeanfrancoiscabestan.com\/archicab\/wp-content\/uploads\/inquietudes-sur-le-musee-des-art-et-traditions-populaires\/photos_atp_py_brunaud_4-150x150.jpg\" class=\"attachment-thumbnail size-thumbnail\" alt=\"\" decoding=\"async\" loading=\"lazy\" sizes=\"(min-width: 1200px) 255px, (min-width: 992px) 210px, (min-width: 768px) 150px, (min-width: 576px) 105px, calc( 50vw - 30px )\" aria-describedby=\"gallery-1-154\" srcset=\"https:\/\/www.jeanfrancoiscabestan.com\/archicab\/wp-content\/uploads\/inquietudes-sur-le-musee-des-art-et-traditions-populaires\/photos_atp_py_brunaud_4-150x150.jpg 150w, https:\/\/www.jeanfrancoiscabestan.com\/archicab\/wp-content\/uploads\/inquietudes-sur-le-musee-des-art-et-traditions-populaires\/photos_atp_py_brunaud_4-510x510.jpg 510w\" \/>\r\n                        <\/div>\r\n                              <figcaption class='wp-caption-text gallery-caption' id='gallery-1-154'>\r\n                              \u00a9 Pierre-Yves Brunaud\r\n                              <\/figcaption><\/figure><figure class='gallery-item col col-auto'>\r\n                        <div class='gallery-icon landscape czr-gallery-icon'>\r\n                              <a data-lb-type=\"grouped-gallery\" title=\"\u00a9 Pierre-Yves Brunaud\" href=https:\/\/www.jeanfrancoiscabestan.com\/archicab\/wp-content\/uploads\/inquietudes-sur-le-musee-des-art-et-traditions-populaires\/photos_atp_py_brunaud_5.jpg class=\"bg-link\"><\/a><img width=\"150\" height=\"150\" src=\"https:\/\/www.jeanfrancoiscabestan.com\/archicab\/wp-content\/uploads\/inquietudes-sur-le-musee-des-art-et-traditions-populaires\/photos_atp_py_brunaud_5-150x150.jpg\" class=\"attachment-thumbnail size-thumbnail\" alt=\"\" decoding=\"async\" loading=\"lazy\" sizes=\"(min-width: 1200px) 255px, (min-width: 992px) 210px, (min-width: 768px) 150px, (min-width: 576px) 105px, calc( 50vw - 30px )\" aria-describedby=\"gallery-1-157\" srcset=\"https:\/\/www.jeanfrancoiscabestan.com\/archicab\/wp-content\/uploads\/inquietudes-sur-le-musee-des-art-et-traditions-populaires\/photos_atp_py_brunaud_5-150x150.jpg 150w, https:\/\/www.jeanfrancoiscabestan.com\/archicab\/wp-content\/uploads\/inquietudes-sur-le-musee-des-art-et-traditions-populaires\/photos_atp_py_brunaud_5-510x510.jpg 510w\" \/>\r\n                        <\/div>\r\n                              <figcaption class='wp-caption-text gallery-caption' id='gallery-1-157'>\r\n                              \u00a9 Pierre-Yves Brunaud\r\n                              <\/figcaption><\/figure><figure class='gallery-item col col-auto'>\r\n                        <div class='gallery-icon landscape czr-gallery-icon'>\r\n                              <a data-lb-type=\"grouped-gallery\" title=\"\u00a9 Pierre-Yves Brunaud\" href=https:\/\/www.jeanfrancoiscabestan.com\/archicab\/wp-content\/uploads\/inquietudes-sur-le-musee-des-art-et-traditions-populaires\/photos_atp_py_brunaud_6.jpg class=\"bg-link\"><\/a><img width=\"150\" height=\"150\" src=\"https:\/\/www.jeanfrancoiscabestan.com\/archicab\/wp-content\/uploads\/inquietudes-sur-le-musee-des-art-et-traditions-populaires\/photos_atp_py_brunaud_6-150x150.jpg\" class=\"attachment-thumbnail size-thumbnail\" alt=\"\" decoding=\"async\" loading=\"lazy\" sizes=\"(min-width: 1200px) 255px, (min-width: 992px) 210px, (min-width: 768px) 150px, (min-width: 576px) 105px, calc( 50vw - 30px )\" aria-describedby=\"gallery-1-158\" srcset=\"https:\/\/www.jeanfrancoiscabestan.com\/archicab\/wp-content\/uploads\/inquietudes-sur-le-musee-des-art-et-traditions-populaires\/photos_atp_py_brunaud_6-150x150.jpg 150w, https:\/\/www.jeanfrancoiscabestan.com\/archicab\/wp-content\/uploads\/inquietudes-sur-le-musee-des-art-et-traditions-populaires\/photos_atp_py_brunaud_6-510x510.jpg 510w\" \/>\r\n                        <\/div>\r\n                              <figcaption class='wp-caption-text gallery-caption' id='gallery-1-158'>\r\n                              \u00a9 Pierre-Yves Brunaud\r\n                              <\/figcaption><\/figure><figure class='gallery-item col col-auto'>\r\n                        <div class='gallery-icon landscape czr-gallery-icon'>\r\n                              <a data-lb-type=\"grouped-gallery\" title=\"\u00a9 Pierre-Yves Brunaud\" href=https:\/\/www.jeanfrancoiscabestan.com\/archicab\/wp-content\/uploads\/inquietudes-sur-le-musee-des-art-et-traditions-populaires\/photos_atp_py_brunaud_7.jpg class=\"bg-link\"><\/a><img width=\"150\" height=\"150\" src=\"https:\/\/www.jeanfrancoiscabestan.com\/archicab\/wp-content\/uploads\/inquietudes-sur-le-musee-des-art-et-traditions-populaires\/photos_atp_py_brunaud_7-150x150.jpg\" class=\"attachment-thumbnail size-thumbnail\" alt=\"\" decoding=\"async\" loading=\"lazy\" sizes=\"(min-width: 1200px) 255px, (min-width: 992px) 210px, (min-width: 768px) 150px, (min-width: 576px) 105px, calc( 50vw - 30px )\" aria-describedby=\"gallery-1-159\" srcset=\"https:\/\/www.jeanfrancoiscabestan.com\/archicab\/wp-content\/uploads\/inquietudes-sur-le-musee-des-art-et-traditions-populaires\/photos_atp_py_brunaud_7-150x150.jpg 150w, https:\/\/www.jeanfrancoiscabestan.com\/archicab\/wp-content\/uploads\/inquietudes-sur-le-musee-des-art-et-traditions-populaires\/photos_atp_py_brunaud_7-510x510.jpg 510w\" \/>\r\n                        <\/div>\r\n                              <figcaption class='wp-caption-text gallery-caption' id='gallery-1-159'>\r\n                              \u00a9 Pierre-Yves Brunaud\r\n                              <\/figcaption><\/figure><figure class='gallery-item col col-auto'>\r\n                        <div class='gallery-icon landscape czr-gallery-icon'>\r\n                              <a data-lb-type=\"grouped-gallery\" title=\"\u00a9 Pierre-Yves Brunaud\" href=https:\/\/www.jeanfrancoiscabestan.com\/archicab\/wp-content\/uploads\/inquietudes-sur-le-musee-des-art-et-traditions-populaires\/photos_atp_py_brunaud_8.jpg class=\"bg-link\"><\/a><img width=\"150\" height=\"150\" src=\"https:\/\/www.jeanfrancoiscabestan.com\/archicab\/wp-content\/uploads\/inquietudes-sur-le-musee-des-art-et-traditions-populaires\/photos_atp_py_brunaud_8-150x150.jpg\" class=\"attachment-thumbnail size-thumbnail\" alt=\"\" decoding=\"async\" loading=\"lazy\" sizes=\"(min-width: 1200px) 255px, (min-width: 992px) 210px, (min-width: 768px) 150px, (min-width: 576px) 105px, calc( 50vw - 30px )\" aria-describedby=\"gallery-1-160\" srcset=\"https:\/\/www.jeanfrancoiscabestan.com\/archicab\/wp-content\/uploads\/inquietudes-sur-le-musee-des-art-et-traditions-populaires\/photos_atp_py_brunaud_8-150x150.jpg 150w, https:\/\/www.jeanfrancoiscabestan.com\/archicab\/wp-content\/uploads\/inquietudes-sur-le-musee-des-art-et-traditions-populaires\/photos_atp_py_brunaud_8-510x510.jpg 510w\" \/>\r\n                        <\/div>\r\n                              <figcaption class='wp-caption-text gallery-caption' id='gallery-1-160'>\r\n                              \u00a9 Pierre-Yves Brunaud\r\n                              <\/figcaption><\/figure>\r\n                  <\/div>\n<\/li>\n<\/ul>\n","protected":false},"excerpt":{"rendered":"<p>Journ\u00e9e d&rsquo;\u00e9tude du 10 mars 2016 Journ\u00e9e d&rsquo;\u00e9tude du jeudi 10 mars 2016 10h00-18h00 Entr\u00e9e libre Institut National d&rsquo;Histoire de l&rsquo;Art (INHA) 2, rue Vivienne, Paris 2e arrt salle Vasari, 1er \u00e9tage \u00c0 un moment de son existence o\u00f9 l&rsquo;ancien Mus\u00e9e national des Arts et Traditions Populaires (MNATP) peine \u00e0 retrouver une place pr\u00e9pond\u00e9rante dans [&hellip;]<\/p>\n","protected":false},"author":2,"featured_media":909,"comment_status":"closed","ping_status":"open","sticky":false,"template":"","format":"standard","meta":[],"categories":[7],"tags":[],"_links":{"self":[{"href":"https:\/\/www.jeanfrancoiscabestan.com\/archicab\/wp-json\/wp\/v2\/posts\/147"}],"collection":[{"href":"https:\/\/www.jeanfrancoiscabestan.com\/archicab\/wp-json\/wp\/v2\/posts"}],"about":[{"href":"https:\/\/www.jeanfrancoiscabestan.com\/archicab\/wp-json\/wp\/v2\/types\/post"}],"author":[{"embeddable":true,"href":"https:\/\/www.jeanfrancoiscabestan.com\/archicab\/wp-json\/wp\/v2\/users\/2"}],"replies":[{"embeddable":true,"href":"https:\/\/www.jeanfrancoiscabestan.com\/archicab\/wp-json\/wp\/v2\/comments?post=147"}],"version-history":[{"count":13,"href":"https:\/\/www.jeanfrancoiscabestan.com\/archicab\/wp-json\/wp\/v2\/posts\/147\/revisions"}],"predecessor-version":[{"id":325,"href":"https:\/\/www.jeanfrancoiscabestan.com\/archicab\/wp-json\/wp\/v2\/posts\/147\/revisions\/325"}],"wp:featuredmedia":[{"embeddable":true,"href":"https:\/\/www.jeanfrancoiscabestan.com\/archicab\/wp-json\/wp\/v2\/media\/909"}],"wp:attachment":[{"href":"https:\/\/www.jeanfrancoiscabestan.com\/archicab\/wp-json\/wp\/v2\/media?parent=147"}],"wp:term":[{"taxonomy":"category","embeddable":true,"href":"https:\/\/www.jeanfrancoiscabestan.com\/archicab\/wp-json\/wp\/v2\/categories?post=147"},{"taxonomy":"post_tag","embeddable":true,"href":"https:\/\/www.jeanfrancoiscabestan.com\/archicab\/wp-json\/wp\/v2\/tags?post=147"}],"curies":[{"name":"wp","href":"https:\/\/api.w.org\/{rel}","templated":true}]}}