{"id":1273,"date":"2022-03-03T09:00:00","date_gmt":"2022-03-03T08:00:00","guid":{"rendered":"https:\/\/www.jeanfrancoiscabestan.com\/archicab\/?p=1273"},"modified":"2026-04-01T17:56:50","modified_gmt":"2026-04-01T15:56:50","slug":"actes-des-journees-detude-organisees-les-7-8-juin-2021-et-le-31-mars-2022","status":"publish","type":"post","link":"https:\/\/www.jeanfrancoiscabestan.com\/archicab\/causes-patrimoniales\/notre-dame-ses-abords-et-lile-de-la-cite\/2022\/03\/03\/actes-des-journees-detude-organisees-les-7-8-juin-2021-et-le-31-mars-2022\/","title":{"rendered":"Actes des journ\u00e9es d\u2019\u00e9tude organis\u00e9es les 7 &#8211; 8 juin 2021 et le 31 mars 2022"},"content":{"rendered":"\n<h2 class=\"wp-block-heading\">Paris, Notre-Dame, ses abords et l\u2019Ile de la Cit\u00e9<\/h2>\n\n\n\n<p>Jean-Fran\u00e7ois Cabestan (dir.), assist\u00e9 de Jean-Baptiste Pinel S\u00e9gala<\/p>\n\n\n\n<p>Actes des journ\u00e9es d\u2019\u00e9tude organis\u00e9es les 7 &#8211; 8 juin 2021 et le 31 mars 2022, Galerie Colbert.<\/p>\n\n\n\n<p>Site de l&rsquo;HiCSA, d\u00e9cembre 2025.<\/p>\n\n\n\n<div class=\"wp-block-buttons is-content-justification-left is-layout-flex wp-container-1\">\n<div class=\"wp-block-button is-style-outline\"><a class=\"wp-block-button__link wp-element-button\" href=\"https:\/\/hicsa.pantheonsorbonne.fr\/collection-histoire-de-larchitecture#Notre%20Dame\" target=\"_blank\" rel=\"noreferrer noopener\">Consulter le site HiCSA &#8211; Collection Histoire de l&rsquo;architecture<\/a><\/div>\n<\/div>\n\n\n\n<div style=\"height:100px\" aria-hidden=\"true\" class=\"wp-block-spacer\"><\/div>\n\n\n<div class=\"wp-block-image\">\n<figure class=\"aligncenter size-large is-resized\"><img decoding=\"async\" loading=\"lazy\" src=\"https:\/\/www.jeanfrancoiscabestan.com\/archicab\/wp-content\/uploads\/notre-dame-ses-abords-et-lile-de-la-cite\/Ill.8-773x1024.jpg\" alt=\"\" class=\"wp-image-1275\" width=\"580\" height=\"768\" srcset=\"https:\/\/www.jeanfrancoiscabestan.com\/archicab\/wp-content\/uploads\/notre-dame-ses-abords-et-lile-de-la-cite\/Ill.8-773x1024.jpg 773w, https:\/\/www.jeanfrancoiscabestan.com\/archicab\/wp-content\/uploads\/notre-dame-ses-abords-et-lile-de-la-cite\/Ill.8-226x300.jpg 226w, https:\/\/www.jeanfrancoiscabestan.com\/archicab\/wp-content\/uploads\/notre-dame-ses-abords-et-lile-de-la-cite\/Ill.8-768x1018.jpg 768w, https:\/\/www.jeanfrancoiscabestan.com\/archicab\/wp-content\/uploads\/notre-dame-ses-abords-et-lile-de-la-cite\/Ill.8-1159x1536.jpg 1159w, https:\/\/www.jeanfrancoiscabestan.com\/archicab\/wp-content\/uploads\/notre-dame-ses-abords-et-lile-de-la-cite\/Ill.8-1546x2048.jpg 1546w, https:\/\/www.jeanfrancoiscabestan.com\/archicab\/wp-content\/uploads\/notre-dame-ses-abords-et-lile-de-la-cite\/Ill.8-scaled.jpg 1932w\" sizes=\"(max-width: 580px) 100vw, 580px\" \/><figcaption class=\"wp-element-caption\"><em>Notre-Dame et la rue Neuve Notre-Dame.<\/em>  Eduart Gartner 1826<\/figcaption><\/figure><\/div>","protected":false},"excerpt":{"rendered":"<p>Paris, Notre-Dame, ses abords et l\u2019Ile de la Cit\u00e9 Jean-Fran\u00e7ois Cabestan (dir.), assist\u00e9 de Jean-Baptiste Pinel S\u00e9gala Actes des journ\u00e9es d\u2019\u00e9tude organis\u00e9es les 7 &#8211; 8 juin 2021 et le 31 mars 2022, Galerie Colbert. Site de l&rsquo;HiCSA, d\u00e9cembre 2025.<\/p>\n","protected":false},"author":2,"featured_media":1319,"comment_status":"closed","ping_status":"closed","sticky":false,"template":"","format":"standard","meta":[],"categories":[30],"tags":[],"_links":{"self":[{"href":"https:\/\/www.jeanfrancoiscabestan.com\/archicab\/wp-json\/wp\/v2\/posts\/1273"}],"collection":[{"href":"https:\/\/www.jeanfrancoiscabestan.com\/archicab\/wp-json\/wp\/v2\/posts"}],"about":[{"href":"https:\/\/www.jeanfrancoiscabestan.com\/archicab\/wp-json\/wp\/v2\/types\/post"}],"author":[{"embeddable":true,"href":"https:\/\/www.jeanfrancoiscabestan.com\/archicab\/wp-json\/wp\/v2\/users\/2"}],"replies":[{"embeddable":true,"href":"https:\/\/www.jeanfrancoiscabestan.com\/archicab\/wp-json\/wp\/v2\/comments?post=1273"}],"version-history":[{"count":12,"href":"https:\/\/www.jeanfrancoiscabestan.com\/archicab\/wp-json\/wp\/v2\/posts\/1273\/revisions"}],"predecessor-version":[{"id":1290,"href":"https:\/\/www.jeanfrancoiscabestan.com\/archicab\/wp-json\/wp\/v2\/posts\/1273\/revisions\/1290"}],"wp:featuredmedia":[{"embeddable":true,"href":"https:\/\/www.jeanfrancoiscabestan.com\/archicab\/wp-json\/wp\/v2\/media\/1319"}],"wp:attachment":[{"href":"https:\/\/www.jeanfrancoiscabestan.com\/archicab\/wp-json\/wp\/v2\/media?parent=1273"}],"wp:term":[{"taxonomy":"category","embeddable":true,"href":"https:\/\/www.jeanfrancoiscabestan.com\/archicab\/wp-json\/wp\/v2\/categories?post=1273"},{"taxonomy":"post_tag","embeddable":true,"href":"https:\/\/www.jeanfrancoiscabestan.com\/archicab\/wp-json\/wp\/v2\/tags?post=1273"}],"curies":[{"name":"wp","href":"https:\/\/api.w.org\/{rel}","templated":true}]}}