{"id":1073,"date":"2022-03-20T16:30:49","date_gmt":"2022-03-20T15:30:49","guid":{"rendered":"https:\/\/www.jeanfrancoiscabestan.com\/archicab\/?p=1073"},"modified":"2023-06-21T10:38:30","modified_gmt":"2023-06-21T08:38:30","slug":"journee-detude-9","status":"publish","type":"post","link":"https:\/\/www.jeanfrancoiscabestan.com\/archicab\/causes-patrimoniales\/parvis-deglises-et-amenagements-paysagers\/2022\/03\/20\/journee-detude-9\/","title":{"rendered":"Journ\u00e9e d&rsquo;\u00e9tude du 31 mars 2022"},"content":{"rendered":"\n<figure class=\"wp-block-image size-large\"><img decoding=\"async\" loading=\"lazy\" width=\"1024\" height=\"921\" src=\"https:\/\/www.jeanfrancoiscabestan.com\/archicab\/wp-content\/uploads\/parvis-deglises-et-amenagements-paysagers\/parvis-deglises-et-amenagements-paysagers.jpg-1024x921.png\" alt=\"\" class=\"wp-image-1079\" srcset=\"https:\/\/www.jeanfrancoiscabestan.com\/archicab\/wp-content\/uploads\/parvis-deglises-et-amenagements-paysagers\/parvis-deglises-et-amenagements-paysagers.jpg-1024x921.png 1024w, https:\/\/www.jeanfrancoiscabestan.com\/archicab\/wp-content\/uploads\/parvis-deglises-et-amenagements-paysagers\/parvis-deglises-et-amenagements-paysagers.jpg-300x270.png 300w, https:\/\/www.jeanfrancoiscabestan.com\/archicab\/wp-content\/uploads\/parvis-deglises-et-amenagements-paysagers\/parvis-deglises-et-amenagements-paysagers.jpg-768x691.png 768w, https:\/\/www.jeanfrancoiscabestan.com\/archicab\/wp-content\/uploads\/parvis-deglises-et-amenagements-paysagers\/parvis-deglises-et-amenagements-paysagers.jpg.png 1454w\" sizes=\"(max-width: 1024px) 100vw, 1024px\" \/><figcaption>\u00a9 Xuan Yew Zhi, School of architecture, studio J. M. Garcia Fuentes 2019-20, University of Newcastle<\/figcaption><\/figure>\n\n\n\n<p>\u00c9v\u00e9nement hybride en ligne sur inscription :<\/p>\n\n\n\n<ul><li>via&nbsp;<a rel=\"noreferrer noopener\" href=\"https:\/\/www.eventbrite.fr\/e\/billets-parvis-deglises-et-amenagements-paysagers-298302840827?utm_campaign=post_publish&amp;utm_medium=email&amp;utm_source=eventbrite&amp;utm_content=shortLinkNewEmail\" target=\"_blank\">Evenbrite<\/a><\/li><li>et en salle Vasari, INHA, 2, rue Vivienne Paris 2e.<br>Acc\u00e8s limit\u00e9 \u00e0 80 participants (inscription sur Eventbrite)<\/li><\/ul>\n\n\n\n<ul><li><strong>Jean-Fran\u00e7ois Cabestan<\/strong>, historien, chercheur \u00e0 l&rsquo;HiCSA de Paris 1<\/li><li><strong>St\u00e9phanie de Courtois<\/strong>, historienne, enseignante et chercheur \u00e0 l\u2019\u00c9nsa de Versaillles<\/li><\/ul>\n\n\n\n<h1 class=\"wp-block-heading\">Programme (mise \u00e0 jour du 17 mars)<\/h1>\n\n\n\n<p><a href=\"https:\/\/www.jeanfrancoiscabestan.com\/archicab\/wp-content\/uploads\/parvis-deglises-et-amenagements-paysagers\/JE-du-31-mars-2022-Programme.pdf\" target=\"_blank\" rel=\"noreferrer noopener\">T\u00e9l\u00e9charger le programme<\/a><\/p>\n\n\n\n<h2 class=\"wp-block-heading\">Jeudi 31 mars<\/h2>\n\n\n\n<ul><li>09h00 : Accueil et introduction par les organisateurs<strong> Jean-Fran\u00e7ois Cabestan <\/strong>et<strong> St\u00e9phanie de Courtois<\/strong><\/li><\/ul>\n\n\n\n<p><strong>Matin\u00e9e : Cas d\u2019esp\u00e8ce \u00e0 l\u2019\u00e9tranger&nbsp;: Espagne, en Suisse et en Belgique<\/strong><br>pr\u00e9sidente de s\u00e9ance :&nbsp;St\u00e9phanie de Courtois, assist\u00e9e de Julie Glodt, doctorante, Paris 1<\/p>\n\n\n\n<ul><li>09h15-09h35 : <strong>Ramon Baiget Viale de Montebello<\/strong>, Institut de Recherches Gaud\u00ec :&nbsp;<em>Les abords de la Sagrada Familia, Barcelone, le parvis en questions<\/em><\/li><li>09h40-10h00&nbsp;: <strong>Fernando Tabuenca<\/strong>, architecte \u00e0 Pampelune (agence Tabuenca-Leache) : <em>Savoir-faire au Pays basque espagnol<\/em><\/li><li>10h05-10h25 :&nbsp;<strong>Nott Caviezel<\/strong>, historien de l\u2019art, ancien pr\u00e9sident de la Commission f\u00e9d\u00e9rale des Monuments historiques, Prof. \u00e9m. Universit\u00e9 technique de Vienne :&nbsp;<em>Le parvis de l\u2019abbaye d\u2019Einsiedeln (Suisse, canton de Schwytz)<\/em><\/li><\/ul>\n\n\n\n<ul><li>10h30-10h50 : questions\/r\u00e9ponses ou pause<\/li><\/ul>\n\n\n\n<ul><li>10h50-11h10 : <strong>&nbsp;Claudine Houbart<\/strong>, historienne de l\u2019art et architecte, chercheuse \u00e0 la facult\u00e9 d\u2019architecture de l\u2019Universit\u00e9 de Li\u00e8ge :&nbsp;<em>Quelques rep\u00e8res historiques et stratifications du parvis de la cath\u00e9drale Saints-Michel-et-Gudule (Bruxelles).<\/em><\/li><li>11h15-11h35 :&nbsp;<strong>Serge Kempeneers<\/strong>, pr\u00e9sident du Conseil de l\u2019Environnement de la R\u00e9gion de Bruxelles Capitale&nbsp;: <em>De la place \u00e0 la dalle plant\u00e9e<\/em><\/li><li>11h40-12h00&nbsp;:<strong> Dani\u00e8le Hervieu-L\u00e9ger<\/strong>, sociologue, professeur \u00e9m\u00e9rite \u00e0 l\u2019EHESS&nbsp;: <em>Typologie historique des configurations de sens de l\u2019inscription des cath\u00e9drales dans la ville.<\/em><\/li><\/ul>\n\n\n\n<ul><li>12h00-12h15 : questions\/r\u00e9ponses<\/li><\/ul>\n\n\n\n<ul><li><strong>12h15-13h00 Table ronde :&nbsp;<em>Quels parvis de cath\u00e9drales pour des m\u00e9tropoles s\u00e9cularis\u00e9e&nbsp;?<\/em><\/strong><\/li><\/ul>\n\n\n\n<p>anim\u00e9e par<strong> Jean-Fran\u00e7ois Cabestan<\/strong>&nbsp;et <strong>Emmanuel Caille<\/strong>, r\u00e9dac-chef de&nbsp;<em>D\u2019Architectures<\/em><\/p>\n\n\n\n<p>Tous les intervenants de la matin\u00e9e, rejoints par <strong>Nathalie Simonnot<\/strong>, historienne, Ensa de Versailles, <strong>Jean-Michel Leniaud<\/strong>, historien, ancien directeur de l\u2018\u00c9cole des Chartes,&nbsp;<strong>Simon Texier<\/strong>, professeur \u00e0 l\u2019universit\u00e9 de Picardie, secr\u00e9taire g\u00e9n\u00e9ral de la Commission du Vieux Paris, <strong>Richard Wittman<\/strong>, Universit\u00e9 de Santa Barbara (Californie)<\/p>\n\n\n\n<p>Pause d\u00e9jeuner<\/p>\n\n\n\n<p><strong>Apr\u00e8s-midi : Strat\u00e9gies d\u2019intervention en France<\/strong><br>pr\u00e9sident de s\u00e9ance :&nbsp;Jean-Fran\u00e7ois Cabestan, assist\u00e9 de Jean-Baptiste Pinel-S\u00e9gala, doctorant Paris 1<\/p>\n\n\n\n<ul><li>14h30-14h50 :&nbsp;<strong>Florent Paoli<\/strong>, architecte, auteur d\u2019un m\u00e9moire sur les parvis de cath\u00e9drales :&nbsp;<em>Le cas du parvis de Reims<\/em><\/li><li>14h55-15h15 :&nbsp;<strong>Ang\u00e8le Denoyelle<\/strong>, paysagiste dplg, doctorante : <em>Lecture des abords de la cath\u00e9drale de Reims<\/em><\/li><li>15h20-15h40 : <strong>Jos\u00e9 Ignacio Linazasoro<\/strong>, architecte de l\u2019actuel parvis de Reims : <em>Quelques r\u00e9flexions a posteriori<\/em><\/li><\/ul>\n\n\n\n<ul><li>15h40-16h00 questions\/r\u00e9ponses et pause<\/li><\/ul>\n\n\n\n<ul><li>16h00-16h20 :&nbsp;<strong>Yves Steff<\/strong>, architecte du patrimoine, auteur du Secteur Sauvegard\u00e9 de Chartres (2007, modifi\u00e9 en 2016) : <em>Le parvis et le secteur sauvegard\u00e9<\/em><\/li><li>16h20-16h50&nbsp;: <strong>Michel Cantal-Dupart<\/strong> et <strong>Jean-Christoph Rousseau<\/strong>, architectes&nbsp;: <em>Pr\u00e9sentation du projet d\u2019am\u00e9nagement du parvis de la cath\u00e9drale de Chartres.<\/em><\/li><\/ul>\n\n\n\n<ul><li>16h50-17h10 : questions\/r\u00e9ponses ou pause<\/li><\/ul>\n\n\n\n<ul><li><strong>17h10 Table ronde :<em> La consultation&nbsp;en cours : les sp\u00e9cificit\u00e9s du cas parisien<\/em><\/strong><\/li><\/ul>\n\n\n\n<p>anim\u00e9e par<strong> J.-Fr. Cabestan <\/strong>et&nbsp;<strong>Emmanuel Caille<\/strong>, r\u00e9dac-chef de la revue <em>D\u2019Architectures<\/em><\/p>\n\n\n\n<p>Tous les intervenants de la journ\u00e9e, rejoints par&nbsp;rejoints par&nbsp;<strong>Gilles Cl\u00e9ment<\/strong>, jardinier, le <strong>P\u00e8re Gilles Drouin<\/strong>, d\u00e9l\u00e9gu\u00e9 du Dioc\u00e8se de Paris pour l\u2019am\u00e9nagement de la cath\u00e9drale Notre-Dame, <strong>Jean-Fran\u00e7ois Legaret<\/strong>, Pr\u00e9sident de la Commission du Vieux Paris, ancien maire du 1<sup>er<\/sup> arrt de Paris,&nbsp;<strong>Benjamin Mouton<\/strong>, ancien architecte en chef de Notre-Dame de Paris et <strong>Philippe Plagnieux<\/strong>, professeur \u00e0 l\u2019universit\u00e9 Paris 1 Panth\u00e9on-Sorbonne<\/p>\n\n\n\n<ul><li>18h10-18h20 Conclusion <strong>&nbsp;<\/strong><\/li><\/ul>\n\n\n\n<ul><li><strong>18h30 Fin des travaux<\/strong><\/li><\/ul>\n\n\n\n<p><\/p>\n\n\n\n<p><\/p>\n\n\n\n<div class=\"wp-block-image\"><figure class=\"aligncenter\"><a href=\"https:\/\/www.jeanfrancoiscabestan.com\/archicab\/wp-content\/uploads\/notre-dame-ses-abords-et-lile-de-la-cite\/notre_dame_ses_abords_et_l_ile_de_la_cite.jpg\"><img decoding=\"async\" loading=\"lazy\" width=\"630\" height=\"356\" src=\"https:\/\/www.jeanfrancoiscabestan.com\/archicab\/wp-content\/uploads\/notre-dame-ses-abords-et-lile-de-la-cite\/notre_dame_ses_abords_et_l_ile_de_la_cite.jpg\" alt=\"\" class=\"wp-image-939\" srcset=\"https:\/\/www.jeanfrancoiscabestan.com\/archicab\/wp-content\/uploads\/notre-dame-ses-abords-et-lile-de-la-cite\/notre_dame_ses_abords_et_l_ile_de_la_cite.jpg 630w, https:\/\/www.jeanfrancoiscabestan.com\/archicab\/wp-content\/uploads\/notre-dame-ses-abords-et-lile-de-la-cite\/notre_dame_ses_abords_et_l_ile_de_la_cite-300x170.jpg 300w, https:\/\/www.jeanfrancoiscabestan.com\/archicab\/wp-content\/uploads\/notre-dame-ses-abords-et-lile-de-la-cite\/notre_dame_ses_abords_et_l_ile_de_la_cite-528x297.jpg 528w\" sizes=\"(max-width: 630px) 100vw, 630px\" \/><\/a><figcaption>\u00a9 Oliver Gabe, School of Architecture of the University of Newcastle-upon-Tyne<\/figcaption><\/figure><\/div>\n\n\n\n<h1 class=\"wp-block-heading\">Note d\u2019intention<\/h1>\n\n\n\n<p><a href=\"https:\/\/www.jeanfrancoiscabestan.com\/archicab\/wp-content\/uploads\/parvis-deglises-et-amenagements-paysagers\/JE-du-31-mars-2022-Note-dintention.pdf\" target=\"_blank\" rel=\"noreferrer noopener\">T\u00e9l\u00e9charger la note d&rsquo;intention<\/a><\/p>\n\n\n\n<p>Cette nouvelle journ\u00e9e d\u2019\u00e9tude poursuit trois objectifs.<\/p>\n\n\n\n<p>Elle s\u2019inscrit d\u2019une part dans la continuit\u00e9 de la r\u00e9flexion men\u00e9e en juin dernier (7 et 8 juin 2021) sur les abords de Notre-Dame et de l\u2019\u00eele de la Cit\u00e9. Si \u00e0 l\u2019issue d\u2019\u00e9changes intenses, une r\u00e9elle convergence d\u2019opinion s\u2019est manifest\u00e9e en faveur d\u2019une densification, voire d\u2019une reconstruction du parvis autrefois satur\u00e9 de constructions et ce, jusque sous le r\u00e8gne de Napol\u00e9on III, il est \u00e0 peu pr\u00e8s certain celle-ci n\u2019appartient pour l\u2019instant qu\u2019\u00e0 une poign\u00e9e de connaisseurs et de sp\u00e9cialistes. Si le manque d\u2019am\u00e9nit\u00e9 des abords de la cath\u00e9drale fait l\u2019objet d\u2019un relatif consensus, l\u2019analyse qui en a \u00e9t\u00e9 faite au cours de ces journ\u00e9es m\u00e9rite d\u2019\u00eatre pr\u00e9cis\u00e9e et de sortir du cercle trop restreint o\u00f9 elle s\u2019est exprim\u00e9e. Des projets des ann\u00e9es 1970 (Hermant-Jouve) faisaient \u00e9tat d\u2019une option pour une plantation int\u00e9grale du parvis d\u2019arbres de haute-tige, d\u2019o\u00f9 n\u2019auraient \u00e0 terme \u00e9merg\u00e9 que les parties hautes du monument.<\/p>\n\n\n\n<p>Elle se propose d\u2019alimenter une r\u00e9flexion sur ce th\u00e8me parall\u00e8lement \u00e0 la consultation que la Ville de Paris, pr\u00e9occup\u00e9e du sort du parvis de Notre-Dame, a lanc\u00e9 l\u2019automne dernier. Quatre \u00e9quipes, ou \u00ab groupements \u00bb avec \u00e0 leur t\u00eate un ou une paysagiste mandataire pour trois d\u2019entre elles &#8211; Bas Smets, Michel Desvignes, Jacqueline Osty \u2013 ont \u00e9t\u00e9 s\u00e9lectionn\u00e9es, et \u00e9tudient actuellement la question du devenir de ce lieu. La quatri\u00e8me \u00e9quipe de paysagistes \u2013 Atelier Jours \u2013 travaille quant \u00e0 elle sous la houlette de l\u2019agence Antoine-Dufour, mandataire. M\u00eame si cette consultation s\u2019inscrit dans le sillage du renouvellement souvent contest\u00e9 des places parisiennes \u2013 place de la R\u00e9publique, du Panth\u00e9on, ou de la Bastille \u2013 et que le budget consacr\u00e9 de 50 M ne correspond qu\u2019\u00e0 5% environ de la manne qui s\u2019est abattue sur la cath\u00e9drale sinistr\u00e9e, au moins la question du devenir d\u2019un espace public dont on s\u2019accorde de toutes parts \u00e0 reconna\u00eetre qu\u2019il pourrait \u00eatre am\u00e9lior\u00e9 est-elle pos\u00e9e. La composition des \u00e9quipes retenues par le jury pr\u00e9sid\u00e9 par Anne Hidalgo laisse entendre que c\u2019est l\u2019affaire des paysagistes.<\/p>\n\n\n\n<p>Elle a aussi pour ambition de poser plus g\u00e9n\u00e9ralement la question de la permanence, de la mise en valeur, voire de l\u2019introduction du v\u00e9g\u00e9tal aux abords des \u00e9glises et des cath\u00e9drales. Lors des journ\u00e9es de juin, on a utilement rappel\u00e9 qu\u2019au moment de la reconversion brutale de la populeuse \u00eele de la Cit\u00e9 au profit d\u2019une cit\u00e9 administrative, l\u2019ambition de Napol\u00e9on III tr\u00e8s marqu\u00e9 par son s\u00e9jour en Angleterre \u00e9tait de cr\u00e9er autour de la cath\u00e9drale le cadre bucolique caract\u00e9ristique des abords de nombre de grands \u00e9difices de ce pays. \u00c0 l\u2019heure actuelle, nombre de villes de France \u2013 Chartres, Dijon \u2013 s\u2019interrogent sur l\u2019\u00e9ventualit\u00e9 de la v\u00e9g\u00e9talisation des parvis. Cette tendance suscite parfois incompr\u00e9hension, perplexit\u00e9 et ironie. L\u2019\u00e9dition de la DNA \u2013 <em>Derni\u00e8res nouvelles d\u2019Alsace <\/em>\u2013 \u00e9voquant la plantation de 29 grands arbres au-devant la cath\u00e9drale de Strasbourg \u00e9tait dat\u00e9 du 1er avril 2021 : il est temps d\u2019ouvrir le d\u00e9bat.<\/p>\n","protected":false},"excerpt":{"rendered":"<p>\u00c9v\u00e9nement hybride en ligne sur inscription : via&nbsp;Evenbrite et en salle Vasari, INHA, 2, rue Vivienne Paris 2e.Acc\u00e8s limit\u00e9 \u00e0 80 participants (inscription sur Eventbrite) Jean-Fran\u00e7ois Cabestan, historien, chercheur \u00e0 l&rsquo;HiCSA de Paris 1 St\u00e9phanie de Courtois, historienne, enseignante et chercheur \u00e0 l\u2019\u00c9nsa de Versaillles Programme (mise \u00e0 jour du 17 mars) T\u00e9l\u00e9charger le programme [&hellip;]<\/p>\n","protected":false},"author":2,"featured_media":1087,"comment_status":"closed","ping_status":"closed","sticky":false,"template":"","format":"standard","meta":[],"categories":[38],"tags":[],"_links":{"self":[{"href":"https:\/\/www.jeanfrancoiscabestan.com\/archicab\/wp-json\/wp\/v2\/posts\/1073"}],"collection":[{"href":"https:\/\/www.jeanfrancoiscabestan.com\/archicab\/wp-json\/wp\/v2\/posts"}],"about":[{"href":"https:\/\/www.jeanfrancoiscabestan.com\/archicab\/wp-json\/wp\/v2\/types\/post"}],"author":[{"embeddable":true,"href":"https:\/\/www.jeanfrancoiscabestan.com\/archicab\/wp-json\/wp\/v2\/users\/2"}],"replies":[{"embeddable":true,"href":"https:\/\/www.jeanfrancoiscabestan.com\/archicab\/wp-json\/wp\/v2\/comments?post=1073"}],"version-history":[{"count":6,"href":"https:\/\/www.jeanfrancoiscabestan.com\/archicab\/wp-json\/wp\/v2\/posts\/1073\/revisions"}],"predecessor-version":[{"id":1112,"href":"https:\/\/www.jeanfrancoiscabestan.com\/archicab\/wp-json\/wp\/v2\/posts\/1073\/revisions\/1112"}],"wp:featuredmedia":[{"embeddable":true,"href":"https:\/\/www.jeanfrancoiscabestan.com\/archicab\/wp-json\/wp\/v2\/media\/1087"}],"wp:attachment":[{"href":"https:\/\/www.jeanfrancoiscabestan.com\/archicab\/wp-json\/wp\/v2\/media?parent=1073"}],"wp:term":[{"taxonomy":"category","embeddable":true,"href":"https:\/\/www.jeanfrancoiscabestan.com\/archicab\/wp-json\/wp\/v2\/categories?post=1073"},{"taxonomy":"post_tag","embeddable":true,"href":"https:\/\/www.jeanfrancoiscabestan.com\/archicab\/wp-json\/wp\/v2\/tags?post=1073"}],"curies":[{"name":"wp","href":"https:\/\/api.w.org\/{rel}","templated":true}]}}